{"id":160,"date":"2014-12-26T16:58:24","date_gmt":"2014-12-26T15:58:24","guid":{"rendered":"http:\/\/www.evematringe.eu\/bl0g\/?p=160"},"modified":"2018-07-18T17:02:34","modified_gmt":"2018-07-18T15:02:34","slug":"article-20-lpm-quelles-donnees","status":"publish","type":"post","link":"https:\/\/www.evematringe.eu\/bl0g\/2014\/12\/26\/article-20-lpm-quelles-donnees\/","title":{"rendered":"Article 20 LPM: quelles donn\u00e9es?"},"content":{"rendered":"<p style=\"text-align: justify;\">En guise de cadeau de No\u00ebl, le gouvernement nous offre la parution au JORF du <a href=\"http:\/\/www.legifrance.gouv.fr\/affichTexte.do?cidTexte=JORFTEXT000029958091&amp;dateTexte=&amp;categorieLien=id\">d\u00e9cret n\u00b02014-1576 du 24 d\u00e9cembre 2014<\/a> relatif \u00e0 l\u2019acc\u00e8s administratif aux donn\u00e9es de connexion. Celui-ci d\u00e9finit les donn\u00e9es de connexion pouvant faire l\u2019objet des attentions de l\u2019administration sans le contr\u00f4le d\u2019un juge (pour la probl\u00e9matique, cf. ce <a href=\"https:\/\/www.evematringe.eu\/bl0g\/2014\/01\/22\/article-20-lpm-c\u2026-quon-vous-cache\/\">billet<\/a>).<\/p>\n<p style=\"text-align: justify;\">L\u2019article 1er du d\u00e9cret ajoute un article Art. R. 246-1 au code de la s\u00e9curit\u00e9 int\u00e9rieure, r\u00e9dig\u00e9 en ces termes: \u00ab\u00a0Pour l\u2019application de l\u2019article L. 246-1, les informations et les documents pouvant faire, \u00e0 l\u2019exclusion de tout autre, l\u2019objet d\u2019une demande de recueil sont ceux \u00e9num\u00e9r\u00e9s aux <a href=\"http:\/\/www.legifrance.gouv.fr\/affichCodeArticle.do?cidTexte=LEGITEXT000006070987&amp;idArticle=LEGIARTI000006466369\">articles R. 10-13<\/a> (m\u00e9tadonn\u00e9es + \u00e9l\u00e9ments d\u2019identit\u00e9 de l\u2019usager) et R. 10-14 (+donn\u00e9es d\u2019identification des interlocuteurs et celles n\u00e9cessaires \u00e0 la facturation) du code des postes et des communications \u00e9lectroniques et \u00e0 l\u2019article 1er du d\u00e9cret n\u00b0 2011-219 (+ donn\u00e9es de localisation de l\u2019appel en tant qu\u2019\u00e9l\u00e9ment n\u00e9cessaire \u00e0 la facturation) du 25 f\u00e9vrier 2011 modifi\u00e9 relatif \u00e0 la conservation et \u00e0 la communication des donn\u00e9es permettant d\u2019identifier toute personne ayant contribu\u00e9 \u00e0 la cr\u00e9ation d\u2019un contenu mis en ligne. Il entre en vigueur ce 1er janvier (et boooooonne ann\u00e9e!!!).<\/p>\n<p style=\"text-align: justify;\">On ne voit vraiment pas pourquoi Notre Pr\u00e9sident se f\u00e2che d\u2019une photo prise \u00e0 la d\u00e9rob\u00e9e et touchant \u00e0 sa vie priv\u00e9e, alors que sa majorit\u00e9 parlementaire et son gouvernement autorisent la cartographie de l\u2019int\u00e9gralit\u00e9 des relations num\u00e9riques d\u2019une personne, \u00e0 son insu (oui, parce que pour savoir un jour si vous avez fait l\u2019objet d\u2019une telle violation de votre vie priv\u00e9e, vous pouvez toujours courir, j\u2019attends encore la r\u00e9ponse de la CNIL \u00e0 ma demande d\u2019acc\u00e8s indirect <span class=\"footnote_referrer\"><a role=\"button\" tabindex=\"0\" onclick=\"footnote_moveToReference_160_1('footnote_plugin_reference_160_1_1');\" onkeypress=\"footnote_moveToReference_160_1('footnote_plugin_reference_160_1_1');\" ><sup id=\"footnote_plugin_tooltip_160_1_1\" class=\"footnote_plugin_tooltip_text\">(1)<\/sup><\/a><span id=\"footnote_plugin_tooltip_text_160_1_1\" class=\"footnote_tooltip\">Mise \u00e0 jour: la CNIL r\u00e9pond raisonnablement vite, mais toujours pour dire que l&rsquo;administration concern\u00e9e s&rsquo;oppose \u00e0 l&rsquo;acc\u00e8s aux donn\u00e9es.<\/span><\/span><script type=\"text\/javascript\"> jQuery('#footnote_plugin_tooltip_160_1_1').tooltip({ tip: '#footnote_plugin_tooltip_text_160_1_1', tipClass: 'footnote_tooltip', effect: 'fade', predelay: 0, fadeInSpeed: 200, delay: 400, fadeOutSpeed: 200, position: 'top right', relative: true, offset: [10, 10], });<\/script> (alors que notre pr\u00e9sident, il a la chance de pouvoir tout lire sur sa vie priv\u00e9e dans la presse, et donc, au moins, de pouvoir rectifier).) et son stockage pendant trois ans, sans autre contr\u00f4le que celui de la CNIS (oui, vous savez, les 7 gus dans un bureau, pour contr\u00f4ler quelques 6000 interceptions de s\u00e9curit\u00e9 par an).<\/p>\n<p style=\"text-align: justify;\">Edit 27\/12: Vous aurez remarqu\u00e9 que le d\u00e9lai de conservation des donn\u00e9es ET des ordres de captation est de 3 ans. 2014+3 = 2017. C\u2019est gentil de faire le m\u00e9nage avant de rendre les bureaux.<\/p>\n<p style=\"text-align: justify;\">Cette entr\u00e9e a \u00e9t\u00e9 publi\u00e9e dans Droit de l&rsquo;informatique, Ils sont formidables, Politique, et marqu\u00e9e avec Article 13, Article 20, Article L. 34-1-1 CPCE, CEDH article 8, CNIS, Code des Postes et t\u00e9l\u00e9communications, Interception de s\u00e9curit\u00e9, Libert\u00e9 d&rsquo;expression, Libert\u00e9 d&rsquo;opinion, Libert\u00e9 de pens\u00e9e, LPM, M\u00e9tadonn\u00e9es, Terrorisme, le 26 d\u00e9cembre 2014 par matringe.<\/p>\n<div class=\"speaker-mute footnotes_reference_container\"> <div class=\"footnote_container_prepare\"><p><span role=\"button\" tabindex=\"0\" class=\"footnote_reference_container_label pointer\" onclick=\"footnote_expand_collapse_reference_container_160_1();\">References<\/span><span role=\"button\" tabindex=\"0\" class=\"footnote_reference_container_collapse_button\" style=\"display: none;\" onclick=\"footnote_expand_collapse_reference_container_160_1();\">[<a id=\"footnote_reference_container_collapse_button_160_1\">+<\/a>]<\/span><\/p><\/div> <div id=\"footnote_references_container_160_1\" style=\"\"><table class=\"footnotes_table footnote-reference-container\"><caption class=\"accessibility\">References<\/caption> <tbody> \r\n\r\n<tr class=\"footnotes_plugin_reference_row\"> <th scope=\"row\" id=\"footnote_plugin_reference_160_1_1\" class=\"footnote_plugin_index pointer\" onclick=\"footnote_moveToAnchor_160_1('footnote_plugin_tooltip_160_1_1');\"><a role=\"button\" tabindex=\"0\" class=\"footnote_plugin_link\" ><span class=\"footnote_index_arrow\">&#8593;<\/span>1<\/a><\/th> <td class=\"footnote_plugin_text\">Mise \u00e0 jour: la CNIL r\u00e9pond raisonnablement vite, mais toujours pour dire que l&rsquo;administration concern\u00e9e s&rsquo;oppose \u00e0 l&rsquo;acc\u00e8s aux donn\u00e9es.<\/td><\/tr>\r\n\r\n <\/tbody> <\/table> <\/div><\/div><script type=\"text\/javascript\"> function footnote_expand_reference_container_160_1() { jQuery('#footnote_references_container_160_1').show(); jQuery('#footnote_reference_container_collapse_button_160_1').text('\u2212'); } function footnote_collapse_reference_container_160_1() { jQuery('#footnote_references_container_160_1').hide(); jQuery('#footnote_reference_container_collapse_button_160_1').text('+'); } function footnote_expand_collapse_reference_container_160_1() { if (jQuery('#footnote_references_container_160_1').is(':hidden')) { footnote_expand_reference_container_160_1(); } else { footnote_collapse_reference_container_160_1(); } } function footnote_moveToReference_160_1(p_str_TargetID) { footnote_expand_reference_container_160_1(); var l_obj_Target = jQuery('#' + p_str_TargetID); if (l_obj_Target.length) { jQuery( 'html, body' ).delay( 0 ); jQuery('html, body').animate({ scrollTop: l_obj_Target.offset().top - window.innerHeight * 0.2 }, 380); } } function footnote_moveToAnchor_160_1(p_str_TargetID) { footnote_expand_reference_container_160_1(); var l_obj_Target = jQuery('#' + p_str_TargetID); if (l_obj_Target.length) { jQuery( 'html, body' ).delay( 0 ); jQuery('html, body').animate({ scrollTop: l_obj_Target.offset().top - window.innerHeight * 0.2 }, 380); } }<\/script>","protected":false},"excerpt":{"rendered":"<p>En guise de cadeau de No\u00ebl, le gouvernement nous offre la parution au JORF du d\u00e9cret n\u00b02014-1576 du 24 d\u00e9cembre 2014 relatif \u00e0 l\u2019acc\u00e8s administratif aux donn\u00e9es de connexion. Celui-ci d\u00e9finit les donn\u00e9es de connexion pouvant faire l\u2019objet des attentions de l\u2019administration sans le contr\u00f4le d\u2019un juge (pour la probl\u00e9matique, cf. ce billet). L\u2019article 1er&hellip; <a class=\"more-link\" href=\"https:\/\/www.evematringe.eu\/bl0g\/2014\/12\/26\/article-20-lpm-quelles-donnees\/\">Poursuivre la lecture <span class=\"screen-reader-text\">Article 20 LPM: quelles donn\u00e9es?<\/span><\/a><\/p>\n","protected":false},"author":1,"featured_media":0,"comment_status":"open","ping_status":"closed","sticky":false,"template":"","format":"standard","meta":{"_crdt_document":"","footnotes":""},"categories":[16,5,17,110],"tags":[156,157,158,159,160,62,161,162,163,164,165,166,167],"class_list":["post-160","post","type-post","status-publish","format-standard","hentry","category-droit-de-linformatique","category-droit-francais","category-ils-sont-formidables","category-politique","tag-article-13","tag-article-20","tag-article-l-34-1-1-cpce","tag-cedh-article-8","tag-cnis","tag-code-des-postes-et-telecommunications","tag-interception-de-securite","tag-liberte-dexpression","tag-liberte-dopinion","tag-liberte-de-pensee","tag-lpm","tag-metadonnees","tag-terrorisme","entry"],"share_on_mastodon":{"url":"","error":""},"_links":{"self":[{"href":"https:\/\/www.evematringe.eu\/bl0g\/wp-json\/wp\/v2\/posts\/160","targetHints":{"allow":["GET"]}}],"collection":[{"href":"https:\/\/www.evematringe.eu\/bl0g\/wp-json\/wp\/v2\/posts"}],"about":[{"href":"https:\/\/www.evematringe.eu\/bl0g\/wp-json\/wp\/v2\/types\/post"}],"author":[{"embeddable":true,"href":"https:\/\/www.evematringe.eu\/bl0g\/wp-json\/wp\/v2\/users\/1"}],"replies":[{"embeddable":true,"href":"https:\/\/www.evematringe.eu\/bl0g\/wp-json\/wp\/v2\/comments?post=160"}],"version-history":[{"count":3,"href":"https:\/\/www.evematringe.eu\/bl0g\/wp-json\/wp\/v2\/posts\/160\/revisions"}],"predecessor-version":[{"id":172,"href":"https:\/\/www.evematringe.eu\/bl0g\/wp-json\/wp\/v2\/posts\/160\/revisions\/172"}],"wp:attachment":[{"href":"https:\/\/www.evematringe.eu\/bl0g\/wp-json\/wp\/v2\/media?parent=160"}],"wp:term":[{"taxonomy":"category","embeddable":true,"href":"https:\/\/www.evematringe.eu\/bl0g\/wp-json\/wp\/v2\/categories?post=160"},{"taxonomy":"post_tag","embeddable":true,"href":"https:\/\/www.evematringe.eu\/bl0g\/wp-json\/wp\/v2\/tags?post=160"}],"curies":[{"name":"wp","href":"https:\/\/api.w.org\/{rel}","templated":true}]}}