{"id":291,"date":"2014-04-21T17:46:28","date_gmt":"2014-04-21T15:46:28","guid":{"rendered":"http:\/\/www.evematringe.eu\/bl0g\/?p=291"},"modified":"2019-03-26T17:46:54","modified_gmt":"2019-03-26T16:46:54","slug":"de-la-garantie-de-la-liberte-dexpression-au-droit-a-un-internet-libre","status":"publish","type":"post","link":"https:\/\/www.evematringe.eu\/bl0g\/2014\/04\/21\/de-la-garantie-de-la-liberte-dexpression-au-droit-a-un-internet-libre\/","title":{"rendered":"De la garantie de la libert\u00e9 d\u2019expression au droit \u00e0 un internet libre"},"content":{"rendered":"<header class=\"entry-header\">\n<p class=\"entry-title\"><span style=\"font-size: 16px;\">L\u2019acc\u00e8s aux id\u00e9es et aux supports desdites id\u00e9es est un enjeu essentiel de la formation d\u2019une opinion publique et ladite opinion publique est l\u2019un des moteurs essentiels de nos d\u00e9mocraties. L\u2019acc\u00e8s aux id\u00e9es, l\u2019information, \u00a0permettent tant la formation que la r\u00e9action dans le for int\u00e9rieur de chaque individu. En ce sens, l\u2019acc\u00e8s aux id\u00e9es, l\u2019information, rend possible la libert\u00e9 de pens\u00e9e. Cette libert\u00e9 de pens\u00e9e trouve ensuite sa cons\u00e9quence logique, dans la libert\u00e9 d\u2019expression, dont la garantie permet d\u2019inscrire l\u2019individualit\u00e9 de chacun dans la vie de la Cit\u00e9, au moins au niveau du d\u00e9bat d\u00e9mocratique.<\/span><\/p>\n<\/header>\n<div class=\"entry-content\">\n<p>Le contr\u00f4le de l\u2019acc\u00e8s \u00e0 l\u2019information a \u00e9t\u00e9 l\u2019un des grands soucis des pouvoirs totalitaires\u00a0du 18e si\u00e8cle, \u00e0 l\u2019\u00e9poque o\u00f9 l\u2019imprimerie a rendu possible la production de livres en quantit\u00e9 suffisante pour r\u00e9aliser une diffusion effective. Les soci\u00e9t\u00e9s qui ne disposaient d\u2019un acc\u00e8s aux id\u00e9es que par l\u2019interm\u00e9diaire des moines copistes\u00a0ont d\u00fb s\u2019adapter \u00e0 l\u2019arriv\u00e9e sur le march\u00e9 des livres, des pi\u00e8ces de th\u00e9\u00e2tres et des pamphlets. C\u2019est aussi \u00e0 cette \u00e9poque que la \u00ab\u00a0vente\u00a0\u00bb des id\u00e9es commence \u00e0 devenir lucrative et que\u00a0le Roy, par un Privil\u00e8ge octroy\u00e9 \u00e0 l\u2019\u00e9diteur, autorise la publication d\u2019une \u0153uvre et interdit sa copie par des tiers<span class=\"footnote_referrer\"><a role=\"button\" tabindex=\"0\" onclick=\"footnote_moveToReference_291_1('footnote_plugin_reference_291_1_1');\" onkeypress=\"footnote_moveToReference_291_1('footnote_plugin_reference_291_1_1');\" ><sup id=\"footnote_plugin_tooltip_291_1_1\" class=\"footnote_plugin_tooltip_text\">(1)<\/sup><\/a><span id=\"footnote_plugin_tooltip_text_291_1_1\" class=\"footnote_tooltip\">Andr\u00e9 R. BERTRAND, Droit d\u2019auteur, Dalloz action 2010, n\u00b0101.13.<\/span><\/span><script type=\"text\/javascript\"> jQuery('#footnote_plugin_tooltip_291_1_1').tooltip({ tip: '#footnote_plugin_tooltip_text_291_1_1', tipClass: 'footnote_tooltip', effect: 'fade', predelay: 0, fadeInSpeed: 200, delay: 400, fadeOutSpeed: 200, position: 'top right', relative: true, offset: [10, 10], });<\/script>. Le Roi garanti ainsi un monopole de l\u2019\u00e9diteur sur l\u2019\u00e9dition d\u2019une \u0153uvre, ce qui permettra ensuite aux auteurs de revendiquer une juste r\u00e9mun\u00e9ration de leur travail<span class=\"footnote_referrer\"><a role=\"button\" tabindex=\"0\" onclick=\"footnote_moveToReference_291_1('footnote_plugin_reference_291_1_2');\" onkeypress=\"footnote_moveToReference_291_1('footnote_plugin_reference_291_1_2');\" ><sup id=\"footnote_plugin_tooltip_291_1_2\" class=\"footnote_plugin_tooltip_text\">(2)<\/sup><\/a><span id=\"footnote_plugin_tooltip_text_291_1_2\" class=\"footnote_tooltip\">ur l\u2019histoire du droit d\u2019auteur, v. Laurent Pfister, L\u2019auteur, propri\u00e9taire de son \u0153uvre? la formation du droit d\u2019auteur du XVIe si\u00e8cle \u00e0 la loi de 1957, Strasbourg, 1999. Accessible en <a href=\"http:\/\/catalogue.bnf.fr\/ark:\/12148\/cb31199142x\" target=\"_blank\" rel=\"noopener noreferrer\">plein texte sur Gallica<\/a>,\u00a0Augustin-Charles Renouard,\u00a0Trait\u00e9 des droits d\u2019auteur, dans la litt\u00e9rature, les sciences et les beaux-arts. Tome 1,\u00a01838-1839.\u00a0<\/span><\/span><script type=\"text\/javascript\"> jQuery('#footnote_plugin_tooltip_291_1_2').tooltip({ tip: '#footnote_plugin_tooltip_text_291_1_2', tipClass: 'footnote_tooltip', effect: 'fade', predelay: 0, fadeInSpeed: 200, delay: 400, fadeOutSpeed: 200, position: 'top right', relative: true, offset: [10, 10], });<\/script>. La publication d\u2019un \u00e9crit sans ce privil\u00e8ge \u00e9tait puni<span class=\"footnote_referrer\"><a role=\"button\" tabindex=\"0\" onclick=\"footnote_moveToReference_291_1('footnote_plugin_reference_291_1_3');\" onkeypress=\"footnote_moveToReference_291_1('footnote_plugin_reference_291_1_3');\" ><sup id=\"footnote_plugin_tooltip_291_1_3\" class=\"footnote_plugin_tooltip_text\">(3)<\/sup><\/a><span id=\"footnote_plugin_tooltip_text_291_1_3\" class=\"footnote_tooltip\">L\u2019article 4 de l\u2019\u00e9dit de 1686 dispose que \u00ab\u00a0<em>Les imprimeurs et les libraires seront pareillement tenus d\u2019ins\u00e9rer, \u00e0 la fin ou au commencement desdits livres, les privil\u00e8ges ou extraits des privil\u00e8ges et des permissions qu\u2019ils auront obtenues, \u00e0 peine de confiscation et de punition exemplaire<\/em>\u00ab\u00a0. L\u2019article 66 de l\u2019\u00e9dit dispose que \u00ab\u00a0<em>aucun libraire ou imprimeur ne pourra imprimer ou faire imprimer aucun livre sas lettres patentes sign\u00e9es et scell\u00e9es du grand sceau\u2026<\/em>\u00ab\u00a0.<\/span><\/span><script type=\"text\/javascript\"> jQuery('#footnote_plugin_tooltip_291_1_3').tooltip({ tip: '#footnote_plugin_tooltip_text_291_1_3', tipClass: 'footnote_tooltip', effect: 'fade', predelay: 0, fadeInSpeed: 200, delay: 400, fadeOutSpeed: 200, position: 'top right', relative: true, offset: [10, 10], });<\/script>, comme \u00e9tait punie l\u2019absence des mentions l\u00e9gales de l\u2019\u00e9poque<span class=\"footnote_referrer\"><a role=\"button\" tabindex=\"0\" onclick=\"footnote_moveToReference_291_1('footnote_plugin_reference_291_1_4');\" onkeypress=\"footnote_moveToReference_291_1('footnote_plugin_reference_291_1_4');\" ><sup id=\"footnote_plugin_tooltip_291_1_4\" class=\"footnote_plugin_tooltip_text\">(4)<\/sup><\/a><span id=\"footnote_plugin_tooltip_text_291_1_4\" class=\"footnote_tooltip\">Article 3 de l\u2019\u00e9dit de 1686: peine de confiscation et d\u2019amende.<\/span><\/span><script type=\"text\/javascript\"> jQuery('#footnote_plugin_tooltip_291_1_4').tooltip({ tip: '#footnote_plugin_tooltip_text_291_1_4', tipClass: 'footnote_tooltip', effect: 'fade', predelay: 0, fadeInSpeed: 200, delay: 400, fadeOutSpeed: 200, position: 'top right', relative: true, offset: [10, 10], });<\/script>, qui perdure encore aujourd\u2019hui dans la loi sur la presse de 1881 (obligation d\u2019indiquer le nom de l\u2019imprimeur)<span class=\"footnote_referrer\"><a role=\"button\" tabindex=\"0\" onclick=\"footnote_moveToReference_291_1('footnote_plugin_reference_291_1_5');\" onkeypress=\"footnote_moveToReference_291_1('footnote_plugin_reference_291_1_5');\" ><sup id=\"footnote_plugin_tooltip_291_1_5\" class=\"footnote_plugin_tooltip_text\">(5)<\/sup><\/a><span id=\"footnote_plugin_tooltip_text_291_1_5\" class=\"footnote_tooltip\">Pour consulter, le texte de l\u2019\u00e9dit d\u2019ao\u00fbt 1686 contenant r\u00e8glement sur les imprimeurs et libraires de Paris, cf.<strong>\u00a0<\/strong>Recueil g\u00e9n\u00e9ral des anciennes lois fran\u00e7aises, depuis l\u2019an 420 jusqu\u2019\u00e0 la R\u00e9volution de 1789 : contenant la notice des principaux monumens des M\u00e9rovingiens, des Carlovingiens et des Cap\u00e9tiens, et le texte des ordonnances, \u00e9dits, d\u00e9clarations, lettres patentes, r\u00e8glemens,\u2026 de la troisi\u00e8me race, qui ne sont pas abrog\u00e9s, ou qui peuvent servir, soit \u00e0 l\u2019interpr\u00e9tation, soit \u00e0 l\u2019histoire du droit public et priv\u00e9, tome 14, par MM.\u00a0<strong>\u00a0<\/strong>Jourdan,\u00a0Decrusy,<strong>\u00a0<\/strong>Isambert,\u00a0Taillandier,\u00a0\u00e9d.\u00a0Belin-Leprieur (Paris),<strong>\u00a0<\/strong>Plon (Paris),\u00a01821-1833, sur <a href=\"http:\/\/books.google.lu\/books?id=wvJQAAAAcAAJ&amp;lpg=PA6&amp;ots=fgfZ7lM3eB&amp;dq=r%C3%A8glement%20d%27ao%C3%BBt%201686&amp;hl=fr&amp;pg=PA7#v=onepage&amp;q=r%C3%A8glement%20d'ao%C3%BBt%201686&amp;f=false\" target=\"_blank\" rel=\"noopener noreferrer\">GoogleBooks<\/a>\u00a0<\/span><\/span><script type=\"text\/javascript\"> jQuery('#footnote_plugin_tooltip_291_1_5').tooltip({ tip: '#footnote_plugin_tooltip_text_291_1_5', tipClass: 'footnote_tooltip', effect: 'fade', predelay: 0, fadeInSpeed: 200, delay: 400, fadeOutSpeed: 200, position: 'top right', relative: true, offset: [10, 10], });<\/script>. Seuls pouvaient \u00eatre imprim\u00e9s les livres pour lesquels l\u2019\u00e9diteur ou l\u2019imprimeur avait obtenu le privil\u00e8ge, et seuls les imprimeurs pouvaient d\u00e9tenir du mat\u00e9riel d\u2019imprimerie<span class=\"footnote_referrer\"><a role=\"button\" tabindex=\"0\" onclick=\"footnote_moveToReference_291_1('footnote_plugin_reference_291_1_6');\" onkeypress=\"footnote_moveToReference_291_1('footnote_plugin_reference_291_1_6');\" ><sup id=\"footnote_plugin_tooltip_291_1_6\" class=\"footnote_plugin_tooltip_text\">(6)<\/sup><\/a><span id=\"footnote_plugin_tooltip_text_291_1_6\" class=\"footnote_tooltip\">Article 6 de l\u2019\u00e9dit de 1686.<\/span><\/span><script type=\"text\/javascript\"> jQuery('#footnote_plugin_tooltip_291_1_6').tooltip({ tip: '#footnote_plugin_tooltip_text_291_1_6', tipClass: 'footnote_tooltip', effect: 'fade', predelay: 0, fadeInSpeed: 200, delay: 400, fadeOutSpeed: 200, position: 'top right', relative: true, offset: [10, 10], });<\/script>. Pour faciliter les contr\u00f4les, l\u2019\u00e9dit interdit la vente de livres ailleurs que dans les librairies et soumet \u00e0 autorisation l\u2019activit\u00e9 de colporteurs dans ce domaine.<\/p>\n<p>Ce verrouillage syst\u00e9matique du seul moyen de communication de l\u2019\u00e9poque explique la vigueur avec laquelle la <a href=\"https:\/\/web.archive.org\/web\/20160309062155\/http:\/\/www.assemblee-nationale.fr\/histoire\/dudh\/1789.asp\" target=\"_blank\" rel=\"noopener noreferrer\">D\u00e9claration des droits de l\u2019Homme et du Citoyen de 1789<\/a>\u00a0(\u00e0 une \u00e9poque o\u00f9 les politiques ne se souciaient pas prioritairement de faire cirer leurs chaussures aux frais de la R\u00e9publique) affirme en son article 11 que \u00ab\u00a0<em>La libre communication des pens\u00e9es et des opinions <strong>est un des droits les plus pr\u00e9cieux de l\u2019Homme<\/strong> : tout Citoyen peut donc parler, \u00e9crire, <strong>imprimer librement<\/strong>, sauf \u00e0 r\u00e9pondre de l\u2019abus de cette libert\u00e9, dans les cas d\u00e9termin\u00e9s par la Loi<\/em>\u00ab\u00a0.<\/p>\n<p>A l\u2019heure d\u2019internet, les gouvernants ont les m\u00eames tentations de contr\u00f4le que sous l\u2019Ancien R\u00e9gime. Le Conseil constitutionnel a eu l\u2019occasion de pr\u00e9ciser que\u00a0la libert\u00e9 d\u2019expression garantie par l\u2019article 11 de la DDHC de 1789 avait pour corollaire le droit \u00e0 l\u2019information et la libert\u00e9 de communication. Il a indiqu\u00e9 par une d\u00e9cision du <a href=\"https:\/\/web.archive.org\/web\/20160309062155\/http:\/\/www.conseil-constitutionnel.fr\/conseil-constitutionnel\/francais\/les-decisions\/acces-par-date\/decisions-depuis-1959\/1984\/84-181-dc\/decision-n-84-181-dc-du-11-octobre-1984.8135.html\" target=\"_blank\" rel=\"noopener noreferrer\">11 octobre 1984<\/a> que la libert\u00e9 de communication est \u00ab\u00a0<em>une libert\u00e9 fondamentale, d\u2019autant plus pr\u00e9cieuse que son exercice est l\u2019une des garanties essentielles du respect des autres droits et libert\u00e9s et de la souverainet\u00e9 nationale<\/em>\u00ab\u00a0<span class=\"footnote_referrer\"><a role=\"button\" tabindex=\"0\" onclick=\"footnote_moveToReference_291_1('footnote_plugin_reference_291_1_7');\" onkeypress=\"footnote_moveToReference_291_1('footnote_plugin_reference_291_1_7');\" ><sup id=\"footnote_plugin_tooltip_291_1_7\" class=\"footnote_plugin_tooltip_text\">(7)<\/sup><\/a><span id=\"footnote_plugin_tooltip_text_291_1_7\" class=\"footnote_tooltip\">Code annot\u00e9 Droit de l\u2019immat\u00e9riel, Lamy, Libert\u00e9 d\u2019expression.<\/span><\/span><script type=\"text\/javascript\"> jQuery('#footnote_plugin_tooltip_291_1_7').tooltip({ tip: '#footnote_plugin_tooltip_text_291_1_7', tipClass: 'footnote_tooltip', effect: 'fade', predelay: 0, fadeInSpeed: 200, delay: 400, fadeOutSpeed: 200, position: 'top right', relative: true, offset: [10, 10], });<\/script>. En <a href=\"https:\/\/web.archive.org\/web\/20160309062155\/http:\/\/www.conseil-constitutionnel.fr\/decision\/2009\/2009-580-dc\/decision-n-2009-580-dc-du-10-juin-2009.42666.html\" target=\"_blank\" rel=\"noopener noreferrer\">2009<\/a>, le Conseil constitutionnel estim\u00e9 que l\u2019importance prise par internet dans la vie d\u00e9mocratique impliquait un droit \u00e0 internet, en tant que cons\u00e9quence de la garantie par l\u2019article 11 DDHC de la libert\u00e9 d\u2019expression.<\/p>\n<div title=\"Page 15\"><\/div>\n<p>Les captations massives de donn\u00e9es personnelles par des officines de basse police, am\u00e9ricaine comme europ\u00e9ennes, portent directement atteinte \u00e0 ce droit \u00e0 l\u2019internet. Comme l\u2019explique un auteur, \u00e0 propos de l\u2019utilisation commerciale des donn\u00e9es personnelles, \u00ab\u00a0le but est d\u2019anticiper les besoins et comportements de l\u2019individu. Ce dernier est enferm\u00e9 dans un profil qui ne peut lui correspondre parfaitement, mais sur la base duquel sont pourtant prises des d\u00e9cisions \u00e0 son \u00e9gard. Un nouveau mod\u00e8le se construit, automatis\u00e9 et syst\u00e9matis\u00e9, dans lequel la personne est objectiv\u00e9e et r\u00e9duite \u00e0 un amas d\u2019informations\u00a0\u00bb<span class=\"footnote_referrer\"><a role=\"button\" tabindex=\"0\" onclick=\"footnote_moveToReference_291_1('footnote_plugin_reference_291_1_8');\" onkeypress=\"footnote_moveToReference_291_1('footnote_plugin_reference_291_1_8');\" ><sup id=\"footnote_plugin_tooltip_291_1_8\" class=\"footnote_plugin_tooltip_text\">(8)<\/sup><\/a><span id=\"footnote_plugin_tooltip_text_291_1_8\" class=\"footnote_tooltip\">Jessica\u00a0<span class=\"familyName\">Eynard<\/span>, \u00ab\u00a0<a href=\"http:\/\/ethiquepublique.revues.org\/1017\" target=\"_blank\" rel=\"noopener noreferrer\">L\u2019\u00e9thique \u00e0 l\u2019\u00e9preuve des nouvelles particularit\u00e9s et fonctions des informations personnelles<\/a>\u00a0\u00bb,\u00a0<em>\u00c9thique publique<\/em>, vol. 14, n\u00b0 2\u00a0|\u00a02012, mis en ligne le 28 ao\u00fbt 2013, consult\u00e9 le 21 avril 2014. DOI\u00a0: 10.4000\/ethiquepublique.1017<\/span><\/span><script type=\"text\/javascript\"> jQuery('#footnote_plugin_tooltip_291_1_8').tooltip({ tip: '#footnote_plugin_tooltip_text_291_1_8', tipClass: 'footnote_tooltip', effect: 'fade', predelay: 0, fadeInSpeed: 200, delay: 400, fadeOutSpeed: 200, position: 'top right', relative: true, offset: [10, 10], });<\/script>. En d\u2019autres termes, l\u2019individu se trouve d\u00e9poss\u00e9d\u00e9 de ce que le droit allemand d\u00e9signe par le terme de \u00ab\u00a0<em>informationnelle Selbstbestimmung<\/em>\u00a0\u00bb ou capacit\u00e9 de l\u2019individu \u00e0 organiser lui-m\u00eame la pr\u00e9sentation et l\u2019utilisation des informations le concernant dans ses relations avec autrui<span class=\"footnote_referrer\"><a role=\"button\" tabindex=\"0\" onclick=\"footnote_moveToReference_291_1('footnote_plugin_reference_291_1_9');\" onkeypress=\"footnote_moveToReference_291_1('footnote_plugin_reference_291_1_9');\" ><sup id=\"footnote_plugin_tooltip_291_1_9\" class=\"footnote_plugin_tooltip_text\">(9)<\/sup><\/a><span id=\"footnote_plugin_tooltip_text_291_1_9\" class=\"footnote_tooltip\">Verfassungsrechtliche Interessenabw\u00e4gung im Informationsrecht,\u00a0von Dirk Burchard, \u00fcber\u00a0<a href=\"http:\/\/dejure.org\/dienste\/internet?www.ryker.de\/dirk\/archiv\/kritv.html\">www.ryker.de\/dirk\/archiv\/kritv.html<\/a><\/span><\/span><script type=\"text\/javascript\"> jQuery('#footnote_plugin_tooltip_291_1_9').tooltip({ tip: '#footnote_plugin_tooltip_text_291_1_9', tipClass: 'footnote_tooltip', effect: 'fade', predelay: 0, fadeInSpeed: 200, delay: 400, fadeOutSpeed: 200, position: 'top right', relative: true, offset: [10, 10], });<\/script>. L\u2019id\u00e9e est l\u2019individu doit pouvoir agir sur la fa\u00e7on dont l\u2019ext\u00e9rieur le per\u00e7oit en s\u00e9lectionnant les informations qu\u2019il donne ainsi que l\u2019utilisation qui peut en \u00eatre faite. Cette notion\u00a0correspond en partie au droit \u00e0 la vie priv\u00e9e du droit fran\u00e7ais,\u00a0qui est prot\u00e9g\u00e9 par diff\u00e9rents dispositifs, donc le droit des donn\u00e9es personnelles.<\/p>\n<p>Dans sa r\u00e9cente d\u00e9cision du 8 avril 2014 qui annule la directive 2006\/24\/CE, la CJUE indique,\u00a0\u00a7.27 que les donn\u00e9es de connexion \u00ab\u00a0<em>prises dans leur ensemble, sont susceptibles de permettre de tirer des conclusions tr\u00e8s pr\u00e9cises concernant la vie priv\u00e9e des personnes dont les donn\u00e9es ont \u00e9t\u00e9 conserv\u00e9es, telles que les habitudes de la vie quotidienne, les lieux de s\u00e9jour permanents ou temporaires, les d\u00e9placements journaliers ou autres, les activit\u00e9s exerc\u00e9es, les relations sociales de ces personnes et les milieux sociaux fr\u00e9quent\u00e9s par celles-ci<\/em>\u00ab\u00a0. En d\u2019autres termes, une seule donn\u00e9e de connexion n\u2019est pas une donn\u00e9e personnelle, mais un ensemble de donn\u00e9es de connexion constitue en revanche quelque chose de personnel. La Cour admet \u00e9galement, dans son consid\u00e9rant 28 qu\u2019une captation massive de donn\u00e9es de connexion est susceptible d\u2019avoir une incidence sur l\u2019utilisation par les usagers des moyens de communication \u00e9lectroniques, et donc sur l\u2019exercice par ces derniers de leur libert\u00e9 d\u2019expression, garantie par l\u2019article 11 de la Charte des droits fondamentaux de l\u2019Union europ\u00e9enne.<\/p>\n<p>Or, au vu des r\u00e9cents scandales d\u2019espionnage massif d\u2019internet, le seul moyen d\u2019\u00eatre certain de ne pas nous faire voler nos donn\u00e9es est de ne pas utiliser internet, et donc de renoncer \u00e0 communiquer. L\u2019autocensure devient le\u00a0seul moyen d\u2019\u00e9viter l\u2019ing\u00e9rence des Etats dans la vie des individus. En cela, ces agissements ne constituent pas une simple atteinte au droit \u00e0 la vie priv\u00e9e d\u2019un individu, mais bien une violation d\u2019une libert\u00e9 publique garantie aux fins d\u2019assurer le fonctionnement d\u00e9mocratique de nos soci\u00e9t\u00e9s<span class=\"footnote_referrer\"><a role=\"button\" tabindex=\"0\" onclick=\"footnote_moveToReference_291_1('footnote_plugin_reference_291_1_10');\" onkeypress=\"footnote_moveToReference_291_1('footnote_plugin_reference_291_1_10');\" ><sup id=\"footnote_plugin_tooltip_291_1_10\" class=\"footnote_plugin_tooltip_text\">(10)<\/sup><\/a><span id=\"footnote_plugin_tooltip_text_291_1_10\" class=\"footnote_tooltip\">Imputer la responsabilit\u00e9 de ces atteintes aux libert\u00e9s publiques\u00a0aux seuls services de renseignement ou de police est une erreur, le probl\u00e8me est politique et il revient donc au politique (c\u2019est-\u00e0-dire nous, chaque citoyen) de le r\u00e9gler. Ceci d\u2019autant plus qu\u2019au-del\u00e0 des gouvernements proprement dits, toute une s\u00e9rie de mafieux et de d\u00e9goutants en tout genre s\u2019accommodent tr\u00e8s bien de l\u2019inertie de nos soci\u00e9t\u00e9s vis-\u00e0-vis de ce probl\u00e8me.\u00a0<\/span><\/span><script type=\"text\/javascript\"> jQuery('#footnote_plugin_tooltip_291_1_10').tooltip({ tip: '#footnote_plugin_tooltip_text_291_1_10', tipClass: 'footnote_tooltip', effect: 'fade', predelay: 0, fadeInSpeed: 200, delay: 400, fadeOutSpeed: 200, position: 'top right', relative: true, offset: [10, 10], });<\/script>.<\/p>\n<\/div>\n<footer class=\"entry-meta\">Cette entr\u00e9e a \u00e9t\u00e9 publi\u00e9e dans Droit de l&rsquo;informatique, Politique, et marqu\u00e9e avec Droit \u00e0 l&rsquo;information, Droit de l&rsquo;information, Libert\u00e9 d&rsquo;expression, Libert\u00e9 de communication, Libert\u00e9 de pens\u00e9e, Libert\u00e9s publiques, le <time class=\"entry-date\" datetime=\"2014-04-21T00:12:55+00:00\">21 avril 2014<\/time> <span class=\"by-author\">par <span class=\"author vcard\">matringe<\/span><\/span>.<\/footer>\n<div class=\"speaker-mute footnotes_reference_container\"> <div class=\"footnote_container_prepare\"><p><span role=\"button\" tabindex=\"0\" class=\"footnote_reference_container_label pointer\" onclick=\"footnote_expand_collapse_reference_container_291_1();\">References<\/span><span role=\"button\" tabindex=\"0\" class=\"footnote_reference_container_collapse_button\" style=\"display: none;\" onclick=\"footnote_expand_collapse_reference_container_291_1();\">[<a id=\"footnote_reference_container_collapse_button_291_1\">+<\/a>]<\/span><\/p><\/div> <div id=\"footnote_references_container_291_1\" style=\"\"><table class=\"footnotes_table footnote-reference-container\"><caption class=\"accessibility\">References<\/caption> <tbody> \r\n\r\n<tr class=\"footnotes_plugin_reference_row\"> <th scope=\"row\" id=\"footnote_plugin_reference_291_1_1\" class=\"footnote_plugin_index pointer\" onclick=\"footnote_moveToAnchor_291_1('footnote_plugin_tooltip_291_1_1');\"><a role=\"button\" tabindex=\"0\" class=\"footnote_plugin_link\" ><span class=\"footnote_index_arrow\">&#8593;<\/span>1<\/a><\/th> <td class=\"footnote_plugin_text\">Andr\u00e9 R. BERTRAND, Droit d\u2019auteur, Dalloz action 2010, n\u00b0101.13.<\/td><\/tr>\r\n\r\n<tr class=\"footnotes_plugin_reference_row\"> <th scope=\"row\" id=\"footnote_plugin_reference_291_1_2\" class=\"footnote_plugin_index pointer\" onclick=\"footnote_moveToAnchor_291_1('footnote_plugin_tooltip_291_1_2');\"><a role=\"button\" tabindex=\"0\" class=\"footnote_plugin_link\" ><span class=\"footnote_index_arrow\">&#8593;<\/span>2<\/a><\/th> <td class=\"footnote_plugin_text\">ur l\u2019histoire du droit d\u2019auteur, v. Laurent Pfister, L\u2019auteur, propri\u00e9taire de son \u0153uvre? la formation du droit d\u2019auteur du XVIe si\u00e8cle \u00e0 la loi de 1957, Strasbourg, 1999. Accessible en <a href=\"http:\/\/catalogue.bnf.fr\/ark:\/12148\/cb31199142x\" target=\"_blank\" rel=\"noopener noreferrer\">plein texte sur Gallica<\/a>,\u00a0Augustin-Charles Renouard,\u00a0Trait\u00e9 des droits d\u2019auteur, dans la litt\u00e9rature, les sciences et les beaux-arts. Tome 1,\u00a01838-1839.\u00a0<\/td><\/tr>\r\n\r\n<tr class=\"footnotes_plugin_reference_row\"> <th scope=\"row\" id=\"footnote_plugin_reference_291_1_3\" class=\"footnote_plugin_index pointer\" onclick=\"footnote_moveToAnchor_291_1('footnote_plugin_tooltip_291_1_3');\"><a role=\"button\" tabindex=\"0\" class=\"footnote_plugin_link\" ><span class=\"footnote_index_arrow\">&#8593;<\/span>3<\/a><\/th> <td class=\"footnote_plugin_text\">L\u2019article 4 de l\u2019\u00e9dit de 1686 dispose que \u00ab\u00a0<em>Les imprimeurs et les libraires seront pareillement tenus d\u2019ins\u00e9rer, \u00e0 la fin ou au commencement desdits livres, les privil\u00e8ges ou extraits des privil\u00e8ges et des permissions qu\u2019ils auront obtenues, \u00e0 peine de confiscation et de punition exemplaire<\/em>\u00ab\u00a0. L\u2019article 66 de l\u2019\u00e9dit dispose que \u00ab\u00a0<em>aucun libraire ou imprimeur ne pourra imprimer ou faire imprimer aucun livre sas lettres patentes sign\u00e9es et scell\u00e9es du grand sceau\u2026<\/em>\u00ab\u00a0.<\/td><\/tr>\r\n\r\n<tr class=\"footnotes_plugin_reference_row\"> <th scope=\"row\" id=\"footnote_plugin_reference_291_1_4\" class=\"footnote_plugin_index pointer\" onclick=\"footnote_moveToAnchor_291_1('footnote_plugin_tooltip_291_1_4');\"><a role=\"button\" tabindex=\"0\" class=\"footnote_plugin_link\" ><span class=\"footnote_index_arrow\">&#8593;<\/span>4<\/a><\/th> <td class=\"footnote_plugin_text\">Article 3 de l\u2019\u00e9dit de 1686: peine de confiscation et d\u2019amende.<\/td><\/tr>\r\n\r\n<tr class=\"footnotes_plugin_reference_row\"> <th scope=\"row\" id=\"footnote_plugin_reference_291_1_5\" class=\"footnote_plugin_index pointer\" onclick=\"footnote_moveToAnchor_291_1('footnote_plugin_tooltip_291_1_5');\"><a role=\"button\" tabindex=\"0\" class=\"footnote_plugin_link\" ><span class=\"footnote_index_arrow\">&#8593;<\/span>5<\/a><\/th> <td class=\"footnote_plugin_text\">Pour consulter, le texte de l\u2019\u00e9dit d\u2019ao\u00fbt 1686 contenant r\u00e8glement sur les imprimeurs et libraires de Paris, cf.<strong>\u00a0<\/strong>Recueil g\u00e9n\u00e9ral des anciennes lois fran\u00e7aises, depuis l\u2019an 420 jusqu\u2019\u00e0 la R\u00e9volution de 1789 : contenant la notice des principaux monumens des M\u00e9rovingiens, des Carlovingiens et des Cap\u00e9tiens, et le texte des ordonnances, \u00e9dits, d\u00e9clarations, lettres patentes, r\u00e8glemens,\u2026 de la troisi\u00e8me race, qui ne sont pas abrog\u00e9s, ou qui peuvent servir, soit \u00e0 l\u2019interpr\u00e9tation, soit \u00e0 l\u2019histoire du droit public et priv\u00e9, tome 14, par MM.\u00a0<strong>\u00a0<\/strong>Jourdan,\u00a0Decrusy,<strong>\u00a0<\/strong>Isambert,\u00a0Taillandier,\u00a0\u00e9d.\u00a0Belin-Leprieur (Paris),<strong>\u00a0<\/strong>Plon (Paris),\u00a01821-1833, sur <a href=\"http:\/\/books.google.lu\/books?id=wvJQAAAAcAAJ&amp;lpg=PA6&amp;ots=fgfZ7lM3eB&amp;dq=r%C3%A8glement%20d%27ao%C3%BBt%201686&amp;hl=fr&amp;pg=PA7#v=onepage&amp;q=r%C3%A8glement%20d'ao%C3%BBt%201686&amp;f=false\" target=\"_blank\" rel=\"noopener noreferrer\">GoogleBooks<\/a>\u00a0<\/td><\/tr>\r\n\r\n<tr class=\"footnotes_plugin_reference_row\"> <th scope=\"row\" id=\"footnote_plugin_reference_291_1_6\" class=\"footnote_plugin_index pointer\" onclick=\"footnote_moveToAnchor_291_1('footnote_plugin_tooltip_291_1_6');\"><a role=\"button\" tabindex=\"0\" class=\"footnote_plugin_link\" ><span class=\"footnote_index_arrow\">&#8593;<\/span>6<\/a><\/th> <td class=\"footnote_plugin_text\">Article 6 de l\u2019\u00e9dit de 1686.<\/td><\/tr>\r\n\r\n<tr class=\"footnotes_plugin_reference_row\"> <th scope=\"row\" id=\"footnote_plugin_reference_291_1_7\" class=\"footnote_plugin_index pointer\" onclick=\"footnote_moveToAnchor_291_1('footnote_plugin_tooltip_291_1_7');\"><a role=\"button\" tabindex=\"0\" class=\"footnote_plugin_link\" ><span class=\"footnote_index_arrow\">&#8593;<\/span>7<\/a><\/th> <td class=\"footnote_plugin_text\">Code annot\u00e9 Droit de l\u2019immat\u00e9riel, Lamy, Libert\u00e9 d\u2019expression.<\/td><\/tr>\r\n\r\n<tr class=\"footnotes_plugin_reference_row\"> <th scope=\"row\" id=\"footnote_plugin_reference_291_1_8\" class=\"footnote_plugin_index pointer\" onclick=\"footnote_moveToAnchor_291_1('footnote_plugin_tooltip_291_1_8');\"><a role=\"button\" tabindex=\"0\" class=\"footnote_plugin_link\" ><span class=\"footnote_index_arrow\">&#8593;<\/span>8<\/a><\/th> <td class=\"footnote_plugin_text\">Jessica\u00a0<span class=\"familyName\">Eynard<\/span>, \u00ab\u00a0<a href=\"http:\/\/ethiquepublique.revues.org\/1017\" target=\"_blank\" rel=\"noopener noreferrer\">L\u2019\u00e9thique \u00e0 l\u2019\u00e9preuve des nouvelles particularit\u00e9s et fonctions des informations personnelles<\/a>\u00a0\u00bb,\u00a0<em>\u00c9thique publique<\/em>, vol. 14, n\u00b0 2\u00a0|\u00a02012, mis en ligne le 28 ao\u00fbt 2013, consult\u00e9 le 21 avril 2014. DOI\u00a0: 10.4000\/ethiquepublique.1017<\/td><\/tr>\r\n\r\n<tr class=\"footnotes_plugin_reference_row\"> <th scope=\"row\" id=\"footnote_plugin_reference_291_1_9\" class=\"footnote_plugin_index pointer\" onclick=\"footnote_moveToAnchor_291_1('footnote_plugin_tooltip_291_1_9');\"><a role=\"button\" tabindex=\"0\" class=\"footnote_plugin_link\" ><span class=\"footnote_index_arrow\">&#8593;<\/span>9<\/a><\/th> <td class=\"footnote_plugin_text\">Verfassungsrechtliche Interessenabw\u00e4gung im Informationsrecht,\u00a0von Dirk Burchard, \u00fcber\u00a0<a href=\"http:\/\/dejure.org\/dienste\/internet?www.ryker.de\/dirk\/archiv\/kritv.html\">www.ryker.de\/dirk\/archiv\/kritv.html<\/a><\/td><\/tr>\r\n\r\n<tr class=\"footnotes_plugin_reference_row\"> <th scope=\"row\" id=\"footnote_plugin_reference_291_1_10\" class=\"footnote_plugin_index pointer\" onclick=\"footnote_moveToAnchor_291_1('footnote_plugin_tooltip_291_1_10');\"><a role=\"button\" tabindex=\"0\" class=\"footnote_plugin_link\" ><span class=\"footnote_index_arrow\">&#8593;<\/span>10<\/a><\/th> <td class=\"footnote_plugin_text\">Imputer la responsabilit\u00e9 de ces atteintes aux libert\u00e9s publiques\u00a0aux seuls services de renseignement ou de police est une erreur, le probl\u00e8me est politique et il revient donc au politique (c\u2019est-\u00e0-dire nous, chaque citoyen) de le r\u00e9gler. Ceci d\u2019autant plus qu\u2019au-del\u00e0 des gouvernements proprement dits, toute une s\u00e9rie de mafieux et de d\u00e9goutants en tout genre s\u2019accommodent tr\u00e8s bien de l\u2019inertie de nos soci\u00e9t\u00e9s vis-\u00e0-vis de ce probl\u00e8me.\u00a0<\/td><\/tr>\r\n\r\n <\/tbody> <\/table> <\/div><\/div><script type=\"text\/javascript\"> function footnote_expand_reference_container_291_1() { jQuery('#footnote_references_container_291_1').show(); jQuery('#footnote_reference_container_collapse_button_291_1').text('\u2212'); } function footnote_collapse_reference_container_291_1() { jQuery('#footnote_references_container_291_1').hide(); jQuery('#footnote_reference_container_collapse_button_291_1').text('+'); } function footnote_expand_collapse_reference_container_291_1() { if (jQuery('#footnote_references_container_291_1').is(':hidden')) { footnote_expand_reference_container_291_1(); } else { footnote_collapse_reference_container_291_1(); } } function footnote_moveToReference_291_1(p_str_TargetID) { footnote_expand_reference_container_291_1(); var l_obj_Target = jQuery('#' + p_str_TargetID); if (l_obj_Target.length) { jQuery( 'html, body' ).delay( 0 ); jQuery('html, body').animate({ scrollTop: l_obj_Target.offset().top - window.innerHeight * 0.2 }, 380); } } function footnote_moveToAnchor_291_1(p_str_TargetID) { footnote_expand_reference_container_291_1(); var l_obj_Target = jQuery('#' + p_str_TargetID); if (l_obj_Target.length) { jQuery( 'html, body' ).delay( 0 ); jQuery('html, body').animate({ scrollTop: l_obj_Target.offset().top - window.innerHeight * 0.2 }, 380); } }<\/script>","protected":false},"excerpt":{"rendered":"<p>L\u2019acc\u00e8s aux id\u00e9es et aux supports desdites id\u00e9es est un enjeu essentiel de la formation d\u2019une opinion publique et ladite opinion publique est l\u2019un des moteurs essentiels de nos d\u00e9mocraties. L\u2019acc\u00e8s aux id\u00e9es, l\u2019information, \u00a0permettent tant la formation que la r\u00e9action dans le for int\u00e9rieur de chaque individu. En ce sens, l\u2019acc\u00e8s aux id\u00e9es, l\u2019information,&hellip; <a class=\"more-link\" href=\"https:\/\/www.evematringe.eu\/bl0g\/2014\/04\/21\/de-la-garantie-de-la-liberte-dexpression-au-droit-a-un-internet-libre\/\">Poursuivre la lecture <span class=\"screen-reader-text\">De la garantie de la libert\u00e9 d\u2019expression au droit \u00e0 un internet libre<\/span><\/a><\/p>\n","protected":false},"author":1,"featured_media":0,"comment_status":"open","ping_status":"closed","sticky":false,"template":"","format":"standard","meta":{"_crdt_document":"","footnotes":""},"categories":[16,5,110],"tags":[227,228,162,229,164,230],"class_list":["post-291","post","type-post","status-publish","format-standard","hentry","category-droit-de-linformatique","category-droit-francais","category-politique","tag-droit-a-linformation","tag-droit-de-linformation","tag-liberte-dexpression","tag-liberte-de-communication","tag-liberte-de-pensee","tag-libertes-publiques","entry"],"share_on_mastodon":{"url":"","error":""},"_links":{"self":[{"href":"https:\/\/www.evematringe.eu\/bl0g\/wp-json\/wp\/v2\/posts\/291","targetHints":{"allow":["GET"]}}],"collection":[{"href":"https:\/\/www.evematringe.eu\/bl0g\/wp-json\/wp\/v2\/posts"}],"about":[{"href":"https:\/\/www.evematringe.eu\/bl0g\/wp-json\/wp\/v2\/types\/post"}],"author":[{"embeddable":true,"href":"https:\/\/www.evematringe.eu\/bl0g\/wp-json\/wp\/v2\/users\/1"}],"replies":[{"embeddable":true,"href":"https:\/\/www.evematringe.eu\/bl0g\/wp-json\/wp\/v2\/comments?post=291"}],"version-history":[{"count":2,"href":"https:\/\/www.evematringe.eu\/bl0g\/wp-json\/wp\/v2\/posts\/291\/revisions"}],"predecessor-version":[{"id":293,"href":"https:\/\/www.evematringe.eu\/bl0g\/wp-json\/wp\/v2\/posts\/291\/revisions\/293"}],"wp:attachment":[{"href":"https:\/\/www.evematringe.eu\/bl0g\/wp-json\/wp\/v2\/media?parent=291"}],"wp:term":[{"taxonomy":"category","embeddable":true,"href":"https:\/\/www.evematringe.eu\/bl0g\/wp-json\/wp\/v2\/categories?post=291"},{"taxonomy":"post_tag","embeddable":true,"href":"https:\/\/www.evematringe.eu\/bl0g\/wp-json\/wp\/v2\/tags?post=291"}],"curies":[{"name":"wp","href":"https:\/\/api.w.org\/{rel}","templated":true}]}}