{"id":401,"date":"2010-04-22T17:36:13","date_gmt":"2010-04-22T15:36:13","guid":{"rendered":"http:\/\/www.evematringe.eu\/bl0g\/?p=401"},"modified":"2019-03-27T17:40:55","modified_gmt":"2019-03-27T16:40:55","slug":"mais-puisquon-vous-repete-que-le-droit-sapplique-aussi-a-internet","status":"publish","type":"post","link":"https:\/\/www.evematringe.eu\/bl0g\/2010\/04\/22\/mais-puisquon-vous-repete-que-le-droit-sapplique-aussi-a-internet\/","title":{"rendered":"Mais puisqu\u2019on vous r\u00e9p\u00e8te que le droit s\u2019applique aussi \u00e0 internet!!!"},"content":{"rendered":"<header class=\"entry-header\">\n<p class=\"entry-title\"><span style=\"font-size: 16px;\">Parmi les sottises inlassablement r\u00e9p\u00e9t\u00e9es par certains humains publics de notre beau pays, figure l\u2019antienne selon laquelle internet serait un domaine de non droit. En r\u00e9alit\u00e9 de nombreux textes sp\u00e9ciaux ont \u00e9t\u00e9 adopt\u00e9s ces derni\u00e8res ann\u00e9es et il est aujourd\u2019hui tout-\u00e0-fait possible de mettre fin \u00e0 un trouble illicite. Il suffit le plus souvent de recourir \u00e0 la LCEN, aka\u00a0<\/span><a style=\"font-size: 16px;\" href=\"http:\/\/www.legifrance.gouv.fr\/affichTexte.do?cidTexte=JORFTEXT000000801164&amp;fastPos=1&amp;fastReqId=955476702&amp;categorieLien=cid&amp;navigator=naturetextenavigator&amp;modifier=LOI&amp;fastPos=1&amp;fastReqId=955476702&amp;oldAction=rechTexte\" target=\"_blank\" rel=\"noopener noreferrer\">loi pour la confiance en l\u2019\u00e9conomie num\u00e9rique<\/a><span style=\"font-size: 16px;\">.<\/span><\/p>\n<\/header>\n<div class=\"entry-content\">\n<p>Celle-ci pr\u00e9voit une distinction entre \u00e9diteur et h\u00e9bergeur. L\u2019\u00e9diteur \u00e9tant celui qui a la main-mise sur le contenu et qui est donc le responsable primaire des fautes commises. L\u2019h\u00e9bergeur est celui qui offre la plateforme de publication, sans avoir un contr\u00f4le direct sur le contenu en question. Par exemple, un utilisateur de Facebook est l\u2019\u00e9diteur de sa page au sens de la LCEN et responsable personnellement \u00e0 ce titre, tandis que Facebook n\u2019en est que l\u2019h\u00e9bergeur et ne peut voir sa responsabilit\u00e9 engag\u00e9e que si, en pr\u00e9sence d\u2019une notification lui signalant l\u2019illic\u00e9it\u00e9 d\u2019un contenu, il tarde ou refuse de retirer ledit contenu.<\/p>\n<p>Pour obtenir que l\u2019h\u00e9bergeur s\u2019ex\u00e9cute, le juge dispose de moyens de coercition et il peut en co\u00fbter cher au contrevenant. Ainsi, le site Legalis signale i<a href=\"http:\/\/www.legalis.net\/article.php3?id_article=2899\" target=\"_blank\" rel=\"noopener noreferrer\">ci <\/a>la condamnation de Facebok \u00e0 retirer sous astreinte de 500 euros par jour de retard un contenu portant atteinte \u00e0 l\u2019image d\u2019un tiers (entre autres choses, allez lire le commentaire sur Legalis, les faits de l\u2019esp\u00e8ce valent leur pesant de cacahou\u00e8tes et permettent de v\u00e9rifier qu\u2019il ne s\u2019agit pas de la r\u00e9action d\u2019un internaute \u00e0 la susceptibilit\u00e9 exacerb\u00e9e ou d\u00e9sireux de se faire de la publicit\u00e9, mais d\u2019une violente prise \u00e0 partie d\u2019une personne). Le site n\u2019avait en effet pas tenu compte de la demande de retrait de la personne concern\u00e9e, qui pourra donc demander r\u00e9paration du pr\u00e9judice subi conform\u00e9ment au droit commun de la responsabilit\u00e9 civile.<\/p>\n<\/div>\n<footer class=\"entry-meta\">Cette entr\u00e9e a \u00e9t\u00e9 publi\u00e9e dans Droit de l&rsquo;informatique le <time class=\"entry-date\" datetime=\"2010-04-22T11:44:32+00:00\">22 avril 2010<\/time> <span class=\"by-author\">par <span class=\"author vcard\">matringe<\/span><\/span>.<\/footer>\n","protected":false},"excerpt":{"rendered":"<p>Parmi les sottises inlassablement r\u00e9p\u00e9t\u00e9es par certains humains publics de notre beau pays, figure l\u2019antienne selon laquelle internet serait un domaine de non droit. En r\u00e9alit\u00e9 de nombreux textes sp\u00e9ciaux ont \u00e9t\u00e9 adopt\u00e9s ces derni\u00e8res ann\u00e9es et il est aujourd\u2019hui tout-\u00e0-fait possible de mettre fin \u00e0 un trouble illicite. Il suffit le plus souvent de&hellip; <a class=\"more-link\" href=\"https:\/\/www.evematringe.eu\/bl0g\/2010\/04\/22\/mais-puisquon-vous-repete-que-le-droit-sapplique-aussi-a-internet\/\">Poursuivre la lecture <span class=\"screen-reader-text\">Mais puisqu\u2019on vous r\u00e9p\u00e8te que le droit s\u2019applique aussi \u00e0 internet!!!<\/span><\/a><\/p>\n","protected":false},"author":1,"featured_media":0,"comment_status":"open","ping_status":"closed","sticky":false,"template":"","format":"standard","meta":{"_crdt_document":"","footnotes":""},"categories":[16],"tags":[319,317,220,318],"class_list":["post-401","post","type-post","status-publish","format-standard","hentry","category-droit-de-linformatique","tag-contenu","tag-hebergeur","tag-internet","tag-responsabilite","entry"],"share_on_mastodon":{"url":"","error":""},"_links":{"self":[{"href":"https:\/\/www.evematringe.eu\/bl0g\/wp-json\/wp\/v2\/posts\/401","targetHints":{"allow":["GET"]}}],"collection":[{"href":"https:\/\/www.evematringe.eu\/bl0g\/wp-json\/wp\/v2\/posts"}],"about":[{"href":"https:\/\/www.evematringe.eu\/bl0g\/wp-json\/wp\/v2\/types\/post"}],"author":[{"embeddable":true,"href":"https:\/\/www.evematringe.eu\/bl0g\/wp-json\/wp\/v2\/users\/1"}],"replies":[{"embeddable":true,"href":"https:\/\/www.evematringe.eu\/bl0g\/wp-json\/wp\/v2\/comments?post=401"}],"version-history":[{"count":2,"href":"https:\/\/www.evematringe.eu\/bl0g\/wp-json\/wp\/v2\/posts\/401\/revisions"}],"predecessor-version":[{"id":403,"href":"https:\/\/www.evematringe.eu\/bl0g\/wp-json\/wp\/v2\/posts\/401\/revisions\/403"}],"wp:attachment":[{"href":"https:\/\/www.evematringe.eu\/bl0g\/wp-json\/wp\/v2\/media?parent=401"}],"wp:term":[{"taxonomy":"category","embeddable":true,"href":"https:\/\/www.evematringe.eu\/bl0g\/wp-json\/wp\/v2\/categories?post=401"},{"taxonomy":"post_tag","embeddable":true,"href":"https:\/\/www.evematringe.eu\/bl0g\/wp-json\/wp\/v2\/tags?post=401"}],"curies":[{"name":"wp","href":"https:\/\/api.w.org\/{rel}","templated":true}]}}