{"id":450,"date":"2011-07-25T16:27:26","date_gmt":"2011-07-25T14:27:26","guid":{"rendered":"http:\/\/www.evematringe.eu\/bl0g\/?p=450"},"modified":"2019-03-28T16:39:20","modified_gmt":"2019-03-28T15:39:20","slug":"dans-le-sens-de-lhistoire","status":"publish","type":"post","link":"https:\/\/www.evematringe.eu\/bl0g\/2011\/07\/25\/dans-le-sens-de-lhistoire\/","title":{"rendered":"Dans le sens de l\u2019Histoire"},"content":{"rendered":"<header class=\"entry-header\">\n<p class=\"entry-title\"><span style=\"font-size: 16px;\">Apr\u00e8s avoir r\u00e9tabli les droits de p\u00e9age sur les routes (<\/span><a style=\"font-size: 16px;\" href=\"http:\/\/milam.free.fr\/voyage.htm\" target=\"_blank\" rel=\"noopener noreferrer\">tonlieu<\/a><span style=\"font-size: 16px;\">, aujourd\u2019hui appel\u00e9s p\u00e9ages<span class=\"footnote_referrer\"><a role=\"button\" tabindex=\"0\" onclick=\"footnote_moveToReference_450_1('footnote_plugin_reference_450_1_1');\" onkeypress=\"footnote_moveToReference_450_1('footnote_plugin_reference_450_1_1');\" ><sup id=\"footnote_plugin_tooltip_450_1_1\" class=\"footnote_plugin_tooltip_text\">(1)<\/sup><\/a><span id=\"footnote_plugin_tooltip_text_450_1_1\" class=\"footnote_tooltip\">V. sur ce point l\u2019<\/span><a style=\"font-size: 16px;\" href=\"http:\/\/www.20minutes.fr\/economie\/763824-autoroutes-tarifs-peages-explosent\" target=\"_blank\" rel=\"noopener noreferrer\">article de 20minutes consacr\u00e9 \u00e0 l\u2019augmentation desdits p\u00e9ages<\/a><span style=\"font-size: 16px;\">.<\/span><\/span><script type=\"text\/javascript\"> jQuery('#footnote_plugin_tooltip_450_1_1').tooltip({ tip: '#footnote_plugin_tooltip_text_450_1_1', tipClass: 'footnote_tooltip', effect: 'fade', predelay: 0, fadeInSpeed: 200, delay: 400, fadeOutSpeed: 200, position: 'top right', relative: true, offset: [10, 10], });<\/script>.), pourtant abolies apr\u00e8s la R\u00e9volution, voil\u00e0 que sont remis en vigueur les taxes judiciaires, disparues en 1977<span class=\"footnote_referrer\"><a role=\"button\" tabindex=\"0\" onclick=\"footnote_moveToReference_450_1('footnote_plugin_reference_450_1_2');\" onkeypress=\"footnote_moveToReference_450_1('footnote_plugin_reference_450_1_2');\" ><sup id=\"footnote_plugin_tooltip_450_1_2\" class=\"footnote_plugin_tooltip_text\">(2)<\/sup><\/a><span id=\"footnote_plugin_tooltip_text_450_1_2\" class=\"footnote_tooltip\"><\/span><a style=\"font-size: 16px;\" href=\"http:\/\/www.legifrance.gouv.fr\/affichTexte.do?cidTexte=JORFTEXT000000333072&amp;fastPos=1&amp;fastReqId=590606709&amp;categorieLien=id&amp;oldAction=rechTexte\" target=\"_blank\" rel=\"noopener noreferrer\">L. n\u00b077-1468 du 30 d\u00e9cembre 1977<\/a><span style=\"font-size: 16px;\">. Sur l\u2019\u00e9volution vers la gratuit\u00e9 de la justice, v. Ch. FREYRIA, D\u00e9funte la fiscalit\u00e9 des actes judiciaires, in M\u00e9langes offerts \u00e0 Pierre H\u00e9braud, pp.329-351.\u00a0<\/span><\/span><script type=\"text\/javascript\"> jQuery('#footnote_plugin_tooltip_450_1_2').tooltip({ tip: '#footnote_plugin_tooltip_text_450_1_2', tipClass: 'footnote_tooltip', effect: 'fade', predelay: 0, fadeInSpeed: 200, delay: 400, fadeOutSpeed: 200, position: 'top right', relative: true, offset: [10, 10], });<\/script>.<\/span><\/p>\n<\/header>\n<div class=\"entry-content\">\n<div id=\"container\">\n<div id=\"content\">\n<div id=\"post-1317\">\n<div>\n<p>La\u00a0<a href=\"http:\/\/www.senat.fr\/petite-loi-ameli\/2010-2011\/694.html\" target=\"_blank\" rel=\"noopener noreferrer\">loi de finances rectificative adopt\u00e9e le 6 juillet 2011<\/a>, pr\u00e9voit en son article 54, l\u2019institution d\u2019une contribution pour l\u2019aide juridique d\u2019un montant de 35 \u20ac \u00e0 la charge du justiciable pour chaque instance introduite en mati\u00e8re civile, commerciale, prud\u2019homale, sociale ou rurale devant une juridiction judiciaire, et devant une juridiction administrative<span class=\"footnote_referrer\"><a role=\"button\" tabindex=\"0\" onclick=\"footnote_moveToReference_450_1('footnote_plugin_reference_450_1_3');\" onkeypress=\"footnote_moveToReference_450_1('footnote_plugin_reference_450_1_3');\" ><sup id=\"footnote_plugin_tooltip_450_1_3\" class=\"footnote_plugin_tooltip_text\">(3)<\/sup><\/a><span id=\"footnote_plugin_tooltip_text_450_1_3\" class=\"footnote_tooltip\">Article 54:\u00a0<em>I.\u00a0\u2013\u00a0Le chapitre\u00a0III du titre\u00a0III de la deuxi\u00e8me partie du livre\u00a0I<sup>er<\/sup>\u00a0du code g\u00e9n\u00e9ral des imp\u00f4ts est compl\u00e9t\u00e9 par une section\u00a013 ainsi r\u00e9dig\u00e9e\u00a0:<\/em><em>\u00ab\u00a0Section 13<\/em><br \/>\n<br \/><em>\u00ab\u00a0Contribution pour l\u2019aide juridique<\/em><br \/>\n<br \/><em>\u00ab\u00a0Art.\u00a01635 bis Q. \u2013\u00a0I.\u00a0\u2013\u00a0Par d\u00e9rogation aux articles\u00a01089\u00a0A et 1089\u00a0B, une contribution pour l\u2019aide juridique de\u00a035\u00a0\u20ac est per\u00e7ue par instance introduite en mati\u00e8re civile, commerciale, prud\u2019homale, sociale ou rurale devant une juridiction judiciaire ou par instance introduite devant une juridiction administrative.<\/em><br \/>\n<br \/><em>\u00ab\u00a0II.\u00a0\u2013\u00a0La contribution pour l\u2019aide juridique est exigible lors de l\u2019introduction de l\u2019instance. Elle est due par la partie qui introduit une instance.<\/em><br \/>\n<br \/><em>\u00ab\u00a0III.\u00a0\u2013\u00a0Toutefois, la contribution pour l\u2019aide juridique n\u2019est pas due\u00a0:<\/em><br \/>\n<br \/><em>\u00ab\u00a01\u00b0\u00a0Par les personnes b\u00e9n\u00e9ficiaires de l\u2019aide juridictionnelle\u00a0;<\/em><br \/>\n<br \/><em>\u00ab\u00a02\u00b0\u00a0Par l\u2019\u00c9tat\u00a0;<\/em><br \/>\n<br \/><em>\u00ab\u00a03\u00b0\u00a0Pour les proc\u00e9dures introduites devant la commission d\u2019indemnisation des victimes d\u2019infraction, devant le juge des enfants, le juge des libert\u00e9s et de la d\u00e9tention et le juge des tutelles\u00a0;<\/em><br \/>\n<br \/><em>\u00ab\u00a04\u00b0\u00a0Pour les proc\u00e9dures de traitement des situations de surendettement des particuliers et les proc\u00e9dures de redressement et de liquidation judiciaires\u00a0;<\/em><br \/>\n<br \/><em>\u00ab\u00a05\u00b0\u00a0Pour les recours introduits devant une juridiction administrative \u00e0 l\u2019encontre de toute d\u00e9cision individuelle relative \u00e0 l\u2019entr\u00e9e, au s\u00e9jour et \u00e0 l\u2019\u00e9loignement d\u2019un \u00e9tranger sur le territoire fran\u00e7ais ainsi qu\u2019au droit d\u2019asile\u00a0;<\/em><br \/>\n<br \/><em>\u00ab\u00a06\u00b0\u00a0Pour la proc\u00e9dure mentionn\u00e9e \u00e0 l\u2019article L.\u00a0521?2 du code de justice administrative\u00a0;<\/em><br \/>\n<br \/><em>\u00ab\u00a07\u00b0 Pour la proc\u00e9dure mentionn\u00e9e \u00e0 l\u2019article\u00a0515?9 du code civil\u00a0;<\/em><br \/>\n<br \/><em>\u00ab\u00a08\u00b0\u00a0Pour la proc\u00e9dure mentionn\u00e9e \u00e0 l\u2019article\u00a0L.\u00a034 du code \u00e9lectoral.<\/em><br \/>\n<br \/><em>\u00ab<strong>\u00a0<\/strong>IV.\u00a0\u2013\u00a0Lorsqu\u2019une m\u00eame instance donne lieu \u00e0 plusieurs proc\u00e9dures successives devant la m\u00eame juridiction, la contribution n\u2019est due qu\u2019au titre de la premi\u00e8re des proc\u00e9dures intent\u00e9es.<\/em><br \/>\n<br \/><em>\u00ab\u00a0V.\u00a0\u2013\u00a0Lorsque l\u2019instance est introduite par un auxiliaire de justice, ce dernier acquitte pour le compte de son client la contribution par voie \u00e9lectronique.<\/em><br \/>\n<br \/><em>\u00ab\u00a0Lorsque l\u2019instance est introduite sans auxiliaire de justice, la partie acquitte cette contribution par voie de timbre mobile ou par voie \u00e9lectronique.<\/em><br \/>\n<br \/><em>\u00ab\u00a0Les cons\u00e9quences sur l\u2019instance du d\u00e9faut de paiement de la contribution pour l\u2019aide juridique sont fix\u00e9es par voie r\u00e9glementaire.<\/em><br \/>\n<br \/><em>\u00ab\u00a0VI.\u00a0\u2013\u00a0La contribution pour l\u2019aide juridique est affect\u00e9e au Conseil national des barreaux.<\/em><br \/>\n<br \/><em>\u00ab\u00a0VII.\u00a0\u2013\u00a0(Suppression maintenue)<\/em><br \/>\n<br \/><em>\u00ab\u00a0VII.\u00a0\u2013\u00a0VIII.\u00a0\u2013\u00a0Un d\u00e9cret en Conseil d\u2019\u00c9tat pr\u00e9cise les modalit\u00e9s d\u2019application du pr\u00e9sent article, notamment ses conditions d\u2019application aux instances introduites par les avocats au Conseil d\u2019\u00c9tat et \u00e0\u00a0la Cour\u00a0de cassation.\u00a0\u00bb<\/em><br \/>\n<br \/><em>II.\u00a0\u2013\u00a0Le\u00a0I est applicable aux instances introduites \u00e0 compter du\u00a01<sup>er<\/sup>\u00a0octobre 2011.<\/em><br \/>\n<br \/><\/span><\/span><script type=\"text\/javascript\"> jQuery('#footnote_plugin_tooltip_450_1_3').tooltip({ tip: '#footnote_plugin_tooltip_text_450_1_3', tipClass: 'footnote_tooltip', effect: 'fade', predelay: 0, fadeInSpeed: 200, delay: 400, fadeOutSpeed: 200, position: 'top right', relative: true, offset: [10, 10], });<\/script>. Le but annonc\u00e9 du l\u00e9gislateur (car il y en a un, comme pour toutes les taxes nouvelles), est d\u2019assurer le financement du co\u00fbt engendr\u00e9 par la r\u00e9forme de la Garde \u00e0 vue. Pour m\u00e9moire, la vignette auto devait servir \u00e0 financer un fond de solidarit\u00e9 devant prendre en charge nos a\u00een\u00e9s. Je trouve normal de payer des imp\u00f4ts, beaucoup moins d\u2019\u00eatre pris pour une andouille fiscale par nos parlementaires.<\/p>\n<p>Ce dispositif s\u2019applique aux instances introduites \u00e0 compter du 1er octobre 2011, le Conseil constitutionnel ayant rendu sa d\u00e9cision (mais n\u2019\u00e9tant pas saisi de cet article, cf. infra)<span class=\"footnote_referrer\"><a role=\"button\" tabindex=\"0\" onclick=\"footnote_moveToReference_450_1('footnote_plugin_reference_450_1_4');\" onkeypress=\"footnote_moveToReference_450_1('footnote_plugin_reference_450_1_4');\" ><sup id=\"footnote_plugin_tooltip_450_1_4\" class=\"footnote_plugin_tooltip_text\">(4)<\/sup><\/a><span id=\"footnote_plugin_tooltip_text_450_1_4\" class=\"footnote_tooltip\"><a href=\"http:\/\/www.conseil-constitutionnel.fr\/decision\/2011\/2011638dc.htm\">D\u00e9cision n\u00b0 2011-638 DC du 28 juillet 2011<\/a>, loi de finances rectificatives 2011.<\/span><\/span><script type=\"text\/javascript\"> jQuery('#footnote_plugin_tooltip_450_1_4').tooltip({ tip: '#footnote_plugin_tooltip_text_450_1_4', tipClass: 'footnote_tooltip', effect: 'fade', predelay: 0, fadeInSpeed: 200, delay: 400, fadeOutSpeed: 200, position: 'top right', relative: true, offset: [10, 10], });<\/script>.<\/p>\n<p>Il semble cependant que ce droit de proc\u00e9dure puisse \u00eatre r\u00e9cup\u00e9r\u00e9 sur l\u2019adversaire lorsque celui-ci perd le proc\u00e8s. La somme pourrait entrer dans les d\u00e9pens vis\u00e9s par l\u2019actuel article 695 du code de proc\u00e9dure civile. Il est \u00e0 noter \u00e9galement que les b\u00e9n\u00e9ficiaires de l\u2019aide juridictionnelle en sont dispens\u00e9s.<\/p>\n<p>Compte tenu de la modernit\u00e9 des mesures adopt\u00e9es, comptez bient\u00f4t sur le r\u00e9tablissement des\u00a0<a href=\"http:\/\/ledroitcriminel.fr\/dictionnaire\/lettre_e\/lettre_e_env.htm\" target=\"_blank\" rel=\"noopener noreferrer\">\u00e9pices<\/a> et du\u00a0<a href=\"http:\/\/www.france-pittoresque.com\/spip.php?article437\" target=\"_blank\" rel=\"noopener noreferrer\">droit d\u2019aubaine<\/a>.<\/p>\n<div id=\"footnotes-1317\">\n<div>\n<p>EDIT (15 avril 2012): par une\u00a0<a href=\"http:\/\/www.conseil-constitutionnel.fr\/decision\/2012\/2012231_234qpc.htm\" target=\"_blank\" rel=\"noopener noreferrer\">d\u00e9cision n\u00b02012-231\/234 du 13 avril 2012<\/a>, M. St\u00e9phane C. et autres [Contribution pour l\u2019aide juridique de 35 euros par instance et droit de 150 euros d\u00fb par les parties \u00e0 l\u2019instance d\u2019appel], le Conseil constitutionnel vient de d\u00e9clarer conforme \u00e0 la Constitution tant la taxe de 35 euros pour toute introduction d\u2019instance que la taxe de 150 euros par partie pr\u00e9sente en appel.<\/p>\n<p>Le Conseil constitutionnel consid\u00e8re d\u2019une part que la taxe de 35 euros n\u2019est pas attentatoire au principe d\u2019\u00e9galit\u00e9 devant l\u2019imp\u00f4t et ne porte pas atteinte aux droits de la d\u00e9fense dans la mesure o\u00f9 les b\u00e9n\u00e9ficiaires de l\u2019aide juridictionnelle en sont dispens\u00e9s, d\u2019autre part que la taxe de 150 euros pour financer la suppression des avou\u00e9s en France ne porte pas atteinte \u00e0 l\u2019\u00e9galit\u00e9 entre contribuables ni aux droits de la d\u00e9fense pour les m\u00eames raisons.<\/p>\n<p>S\u2019agissant de la QPC transmise par le <a href=\"http:\/\/arianeinternet.conseil-etat.fr\/arianeinternet\/getdoc.asp?id=194002&amp;fonds=DCE&amp;item=1\" target=\"_blank\" rel=\"noopener noreferrer\">Conseil d\u2019Etat le 28 mars 2012 (req. n\u00b0353535)<\/a>, il s\u2019agit de savoir s&rsquo;il est juste d\u2019assujettir les justiciables d\u2019Alsace-Moselle \u00e0 la taxe d\u2019appel alors que les d\u00e9partements d\u2019Alsace-Moselle n\u2019ont pas d\u2019avou\u00e9s (mais des avocats \u00e0 la Cour) et qu\u2019ils n\u2019ont donc pas \u00e9t\u00e9 supprim\u00e9s pour le moment puisque les dispositions de droit local les concernant n\u2019ont pas \u00e9t\u00e9 modifi\u00e9s (le droit d\u2019Alsace-Moselle a toujours \u00e9t\u00e9 en avance, esp\u00e9rons que nos \u00e9lus parviendront \u00e0 pr\u00e9server ces acquis). La date d\u2019audience devant le Conseil constitutionnel n\u2019a pas encore \u00e9t\u00e9 fix\u00e9e \u00e0 ce jour.<\/p>\n<\/div>\n<\/div>\n<\/div>\n<div>\n<p>Droit local, Ils sont formidables, Politique, Proc\u00e9dure civile, et marqu\u00e9e avec 150 euros, 35 euros, Alsace-Moselle, Avocats \u00e0 la Cour, D\u00e9pens, Droit d&rsquo;appel, Droit d&rsquo;aubaine, Droit local, Epices, Imp\u00f4t, QPC n\u00b02012-231, QPC n\u00b02012\/234, req. n\u00b0353535, Taxe judiciaire, le <time class=\"entry-date\" datetime=\"2011-07-25T11:16:41+00:00\">25 juillet 2011<\/time> <span class=\"by-author\">par <span class=\"author vcard\">matringe<\/span><\/span>.<\/p>\n<\/div>\n<\/div>\n<\/div>\n<\/div>\n<\/div>\n<div class=\"speaker-mute footnotes_reference_container\"> <div class=\"footnote_container_prepare\"><p><span role=\"button\" tabindex=\"0\" class=\"footnote_reference_container_label pointer\" onclick=\"footnote_expand_collapse_reference_container_450_1();\">References<\/span><span role=\"button\" tabindex=\"0\" class=\"footnote_reference_container_collapse_button\" style=\"display: none;\" onclick=\"footnote_expand_collapse_reference_container_450_1();\">[<a id=\"footnote_reference_container_collapse_button_450_1\">+<\/a>]<\/span><\/p><\/div> <div id=\"footnote_references_container_450_1\" style=\"\"><table class=\"footnotes_table footnote-reference-container\"><caption class=\"accessibility\">References<\/caption> <tbody> \r\n\r\n<tr class=\"footnotes_plugin_reference_row\"> <th scope=\"row\" id=\"footnote_plugin_reference_450_1_1\" class=\"footnote_plugin_index pointer\" onclick=\"footnote_moveToAnchor_450_1('footnote_plugin_tooltip_450_1_1');\"><a role=\"button\" tabindex=\"0\" class=\"footnote_plugin_link\" ><span class=\"footnote_index_arrow\">&#8593;<\/span>1<\/a><\/th> <td class=\"footnote_plugin_text\">V. sur ce point l\u2019<\/span><a style=\"font-size: 16px;\" href=\"http:\/\/www.20minutes.fr\/economie\/763824-autoroutes-tarifs-peages-explosent\" target=\"_blank\" rel=\"noopener noreferrer\">article de 20minutes consacr\u00e9 \u00e0 l\u2019augmentation desdits p\u00e9ages<\/a><span style=\"font-size: 16px;\">.<\/td><\/tr>\r\n\r\n<tr class=\"footnotes_plugin_reference_row\"> <th scope=\"row\" id=\"footnote_plugin_reference_450_1_2\" class=\"footnote_plugin_index pointer\" onclick=\"footnote_moveToAnchor_450_1('footnote_plugin_tooltip_450_1_2');\"><a role=\"button\" tabindex=\"0\" class=\"footnote_plugin_link\" ><span class=\"footnote_index_arrow\">&#8593;<\/span>2<\/a><\/th> <td class=\"footnote_plugin_text\"><\/span><a style=\"font-size: 16px;\" href=\"http:\/\/www.legifrance.gouv.fr\/affichTexte.do?cidTexte=JORFTEXT000000333072&amp;fastPos=1&amp;fastReqId=590606709&amp;categorieLien=id&amp;oldAction=rechTexte\" target=\"_blank\" rel=\"noopener noreferrer\">L. n\u00b077-1468 du 30 d\u00e9cembre 1977<\/a><span style=\"font-size: 16px;\">. Sur l\u2019\u00e9volution vers la gratuit\u00e9 de la justice, v. Ch. FREYRIA, D\u00e9funte la fiscalit\u00e9 des actes judiciaires, in M\u00e9langes offerts \u00e0 Pierre H\u00e9braud, pp.329-351.\u00a0<\/td><\/tr>\r\n\r\n<tr class=\"footnotes_plugin_reference_row\"> <th scope=\"row\" id=\"footnote_plugin_reference_450_1_3\" class=\"footnote_plugin_index pointer\" onclick=\"footnote_moveToAnchor_450_1('footnote_plugin_tooltip_450_1_3');\"><a role=\"button\" tabindex=\"0\" class=\"footnote_plugin_link\" ><span class=\"footnote_index_arrow\">&#8593;<\/span>3<\/a><\/th> <td class=\"footnote_plugin_text\">Article 54:\u00a0<em>I.\u00a0\u2013\u00a0Le chapitre\u00a0III du titre\u00a0III de la deuxi\u00e8me partie du livre\u00a0I<sup>er<\/sup>\u00a0du code g\u00e9n\u00e9ral des imp\u00f4ts est compl\u00e9t\u00e9 par une section\u00a013 ainsi r\u00e9dig\u00e9e\u00a0:<\/em><em>\u00ab\u00a0Section 13<\/em><\/p>\n<p><em>\u00ab\u00a0Contribution pour l\u2019aide juridique<\/em><\/p>\n<p><em>\u00ab\u00a0Art.\u00a01635 bis Q. \u2013\u00a0I.\u00a0\u2013\u00a0Par d\u00e9rogation aux articles\u00a01089\u00a0A et 1089\u00a0B, une contribution pour l\u2019aide juridique de\u00a035\u00a0\u20ac est per\u00e7ue par instance introduite en mati\u00e8re civile, commerciale, prud\u2019homale, sociale ou rurale devant une juridiction judiciaire ou par instance introduite devant une juridiction administrative.<\/em><\/p>\n<p><em>\u00ab\u00a0II.\u00a0\u2013\u00a0La contribution pour l\u2019aide juridique est exigible lors de l\u2019introduction de l\u2019instance. Elle est due par la partie qui introduit une instance.<\/em><\/p>\n<p><em>\u00ab\u00a0III.\u00a0\u2013\u00a0Toutefois, la contribution pour l\u2019aide juridique n\u2019est pas due\u00a0:<\/em><\/p>\n<p><em>\u00ab\u00a01\u00b0\u00a0Par les personnes b\u00e9n\u00e9ficiaires de l\u2019aide juridictionnelle\u00a0;<\/em><\/p>\n<p><em>\u00ab\u00a02\u00b0\u00a0Par l\u2019\u00c9tat\u00a0;<\/em><\/p>\n<p><em>\u00ab\u00a03\u00b0\u00a0Pour les proc\u00e9dures introduites devant la commission d\u2019indemnisation des victimes d\u2019infraction, devant le juge des enfants, le juge des libert\u00e9s et de la d\u00e9tention et le juge des tutelles\u00a0;<\/em><\/p>\n<p><em>\u00ab\u00a04\u00b0\u00a0Pour les proc\u00e9dures de traitement des situations de surendettement des particuliers et les proc\u00e9dures de redressement et de liquidation judiciaires\u00a0;<\/em><\/p>\n<p><em>\u00ab\u00a05\u00b0\u00a0Pour les recours introduits devant une juridiction administrative \u00e0 l\u2019encontre de toute d\u00e9cision individuelle relative \u00e0 l\u2019entr\u00e9e, au s\u00e9jour et \u00e0 l\u2019\u00e9loignement d\u2019un \u00e9tranger sur le territoire fran\u00e7ais ainsi qu\u2019au droit d\u2019asile\u00a0;<\/em><\/p>\n<p><em>\u00ab\u00a06\u00b0\u00a0Pour la proc\u00e9dure mentionn\u00e9e \u00e0 l\u2019article L.\u00a0521?2 du code de justice administrative\u00a0;<\/em><\/p>\n<p><em>\u00ab\u00a07\u00b0 Pour la proc\u00e9dure mentionn\u00e9e \u00e0 l\u2019article\u00a0515?9 du code civil\u00a0;<\/em><\/p>\n<p><em>\u00ab\u00a08\u00b0\u00a0Pour la proc\u00e9dure mentionn\u00e9e \u00e0 l\u2019article\u00a0L.\u00a034 du code \u00e9lectoral.<\/em><\/p>\n<p><em>\u00ab<strong>\u00a0<\/strong>IV.\u00a0\u2013\u00a0Lorsqu\u2019une m\u00eame instance donne lieu \u00e0 plusieurs proc\u00e9dures successives devant la m\u00eame juridiction, la contribution n\u2019est due qu\u2019au titre de la premi\u00e8re des proc\u00e9dures intent\u00e9es.<\/em><\/p>\n<p><em>\u00ab\u00a0V.\u00a0\u2013\u00a0Lorsque l\u2019instance est introduite par un auxiliaire de justice, ce dernier acquitte pour le compte de son client la contribution par voie \u00e9lectronique.<\/em><\/p>\n<p><em>\u00ab\u00a0Lorsque l\u2019instance est introduite sans auxiliaire de justice, la partie acquitte cette contribution par voie de timbre mobile ou par voie \u00e9lectronique.<\/em><\/p>\n<p><em>\u00ab\u00a0Les cons\u00e9quences sur l\u2019instance du d\u00e9faut de paiement de la contribution pour l\u2019aide juridique sont fix\u00e9es par voie r\u00e9glementaire.<\/em><\/p>\n<p><em>\u00ab\u00a0VI.\u00a0\u2013\u00a0La contribution pour l\u2019aide juridique est affect\u00e9e au Conseil national des barreaux.<\/em><\/p>\n<p><em>\u00ab\u00a0VII.\u00a0\u2013\u00a0(Suppression maintenue)<\/em><\/p>\n<p><em>\u00ab\u00a0VII.\u00a0\u2013\u00a0VIII.\u00a0\u2013\u00a0Un d\u00e9cret en Conseil d\u2019\u00c9tat pr\u00e9cise les modalit\u00e9s d\u2019application du pr\u00e9sent article, notamment ses conditions d\u2019application aux instances introduites par les avocats au Conseil d\u2019\u00c9tat et \u00e0\u00a0la Cour\u00a0de cassation.\u00a0\u00bb<\/em><\/p>\n<p><em>II.\u00a0\u2013\u00a0Le\u00a0I est applicable aux instances introduites \u00e0 compter du\u00a01<sup>er<\/sup>\u00a0octobre 2011.<\/em><\/p>\n<p><\/td><\/tr>\r\n\r\n<tr class=\"footnotes_plugin_reference_row\"> <th scope=\"row\" id=\"footnote_plugin_reference_450_1_4\" class=\"footnote_plugin_index pointer\" onclick=\"footnote_moveToAnchor_450_1('footnote_plugin_tooltip_450_1_4');\"><a role=\"button\" tabindex=\"0\" class=\"footnote_plugin_link\" ><span class=\"footnote_index_arrow\">&#8593;<\/span>4<\/a><\/th> <td class=\"footnote_plugin_text\"><a href=\"http:\/\/www.conseil-constitutionnel.fr\/decision\/2011\/2011638dc.htm\">D\u00e9cision n\u00b0 2011-638 DC du 28 juillet 2011<\/a>, loi de finances rectificatives 2011.<\/td><\/tr>\r\n\r\n <\/tbody> <\/table> <\/div><\/div><script type=\"text\/javascript\"> function footnote_expand_reference_container_450_1() { jQuery('#footnote_references_container_450_1').show(); jQuery('#footnote_reference_container_collapse_button_450_1').text('\u2212'); } function footnote_collapse_reference_container_450_1() { jQuery('#footnote_references_container_450_1').hide(); jQuery('#footnote_reference_container_collapse_button_450_1').text('+'); } function footnote_expand_collapse_reference_container_450_1() { if (jQuery('#footnote_references_container_450_1').is(':hidden')) { footnote_expand_reference_container_450_1(); } else { footnote_collapse_reference_container_450_1(); } } function footnote_moveToReference_450_1(p_str_TargetID) { footnote_expand_reference_container_450_1(); var l_obj_Target = jQuery('#' + p_str_TargetID); if (l_obj_Target.length) { jQuery( 'html, body' ).delay( 0 ); jQuery('html, body').animate({ scrollTop: l_obj_Target.offset().top - window.innerHeight * 0.2 }, 380); } } function footnote_moveToAnchor_450_1(p_str_TargetID) { footnote_expand_reference_container_450_1(); var l_obj_Target = jQuery('#' + p_str_TargetID); if (l_obj_Target.length) { jQuery( 'html, body' ).delay( 0 ); jQuery('html, body').animate({ scrollTop: l_obj_Target.offset().top - window.innerHeight * 0.2 }, 380); } }<\/script>","protected":false},"excerpt":{"rendered":"<p>Apr\u00e8s avoir r\u00e9tabli les droits de p\u00e9age sur les routes (tonlieu, aujourd\u2019hui appel\u00e9s p\u00e9ages(1)V. sur ce point l\u2019article de 20minutes consacr\u00e9 \u00e0 l\u2019augmentation desdits p\u00e9ages..), pourtant abolies apr\u00e8s la R\u00e9volution, voil\u00e0 que sont remis en vigueur les taxes judiciaires, disparues en 1977(2)L. n\u00b077-1468 du 30 d\u00e9cembre 1977. Sur l\u2019\u00e9volution vers la gratuit\u00e9 de la justice,&hellip; <a class=\"more-link\" href=\"https:\/\/www.evematringe.eu\/bl0g\/2011\/07\/25\/dans-le-sens-de-lhistoire\/\">Poursuivre la lecture <span class=\"screen-reader-text\">Dans le sens de l\u2019Histoire<\/span><\/a><\/p>\n","protected":false},"author":1,"featured_media":0,"comment_status":"open","ping_status":"closed","sticky":false,"template":"","format":"standard","meta":{"_crdt_document":"","footnotes":""},"categories":[5,170,17,110,23],"tags":[369,370,371,372,373,374,375,323,376,377,378,379,380,381],"class_list":["post-450","post","type-post","status-publish","format-standard","hentry","category-droit-francais","category-droit-local","category-ils-sont-formidables","category-politique","category-procedure-civile","tag-150-euros","tag-35-euros","tag-alsace-moselle","tag-avocats-a-la-cour","tag-depens","tag-droit-dappel","tag-droit-daubaine","tag-droit-local","tag-epices","tag-impot","tag-qpc-n2012-231","tag-qpc-n2012-234","tag-req-n353535","tag-taxe-judiciaire","entry"],"share_on_mastodon":{"url":"","error":""},"_links":{"self":[{"href":"https:\/\/www.evematringe.eu\/bl0g\/wp-json\/wp\/v2\/posts\/450","targetHints":{"allow":["GET"]}}],"collection":[{"href":"https:\/\/www.evematringe.eu\/bl0g\/wp-json\/wp\/v2\/posts"}],"about":[{"href":"https:\/\/www.evematringe.eu\/bl0g\/wp-json\/wp\/v2\/types\/post"}],"author":[{"embeddable":true,"href":"https:\/\/www.evematringe.eu\/bl0g\/wp-json\/wp\/v2\/users\/1"}],"replies":[{"embeddable":true,"href":"https:\/\/www.evematringe.eu\/bl0g\/wp-json\/wp\/v2\/comments?post=450"}],"version-history":[{"count":3,"href":"https:\/\/www.evematringe.eu\/bl0g\/wp-json\/wp\/v2\/posts\/450\/revisions"}],"predecessor-version":[{"id":453,"href":"https:\/\/www.evematringe.eu\/bl0g\/wp-json\/wp\/v2\/posts\/450\/revisions\/453"}],"wp:attachment":[{"href":"https:\/\/www.evematringe.eu\/bl0g\/wp-json\/wp\/v2\/media?parent=450"}],"wp:term":[{"taxonomy":"category","embeddable":true,"href":"https:\/\/www.evematringe.eu\/bl0g\/wp-json\/wp\/v2\/categories?post=450"},{"taxonomy":"post_tag","embeddable":true,"href":"https:\/\/www.evematringe.eu\/bl0g\/wp-json\/wp\/v2\/tags?post=450"}],"curies":[{"name":"wp","href":"https:\/\/api.w.org\/{rel}","templated":true}]}}