{"id":521,"date":"2012-08-30T23:27:05","date_gmt":"2012-08-30T21:27:05","guid":{"rendered":"http:\/\/www.evematringe.eu\/bl0g\/?p=521"},"modified":"2019-03-28T23:31:18","modified_gmt":"2019-03-28T22:31:18","slug":"medecin-controleur-et-droit-local","status":"publish","type":"post","link":"https:\/\/www.evematringe.eu\/bl0g\/2012\/08\/30\/medecin-controleur-et-droit-local\/","title":{"rendered":"M\u00e9decin-contr\u00f4leur et droit local"},"content":{"rendered":"<header class=\"entry-header\"><\/header>\n<div class=\"entry-content\">\n<p>L\u2019employeur peut-il faire proc\u00e9der \u00e0 une contre-visite du salari\u00e9 en arr\u00eat maladie b\u00e9n\u00e9ficiant du maintien de salaire dans le cadre de l\u2019article L.\u00a01226-24 du Code du travail, anciennement l\u2019article 63 du Code de commerce local aux termes duquel\u00a0: \u00ab\u00a0<em>Le commis commercial qui, par suite d\u2019un accident dont il n\u2019est pas fautif, est dans l\u2019impossibilit\u00e9 d\u2019ex\u00e9cuter son contrat de travail a droit \u00e0 son salaire pour une dur\u00e9e maximale de six semaines. Pendant cette dur\u00e9e, les indemnit\u00e9s vers\u00e9es par une soci\u00e9t\u00e9 d\u2019assurance ou une mutuelle ne sont pas d\u00e9duites du montant de la r\u00e9mun\u00e9ration due par l\u2019employeur. Toute stipulation contraire est nulle. Est un commis commercial le salari\u00e9 qui, employ\u00e9 par un commer\u00e7ant au sens de l\u2019article L. 121-1 du code de commerce, occupe des fonctions commerciales au service de la client\u00e8le<\/em>\u00a0\u00bb.<\/p>\n<p>Ce texte signifie d\u2019une part que le salari\u00e9 qui b\u00e9n\u00e9ficie du maintien de salaire n\u2019a pas \u00e0 supporter la d\u00e9duction des indemnit\u00e9s journali\u00e8res vers\u00e9es par une assurance compl\u00e9mentaire, d\u2019autre part que le maintien de salaire est d\u00fb pour une p\u00e9riode maximale de six semaines. Au-del\u00e0, le salari\u00e9 aura int\u00e9r\u00eat \u00e0 se pr\u00e9valoir des dispositions de la convention collective plus favorable, et supportera alors l\u2019application du droit g\u00e9n\u00e9ral quant au droit de l\u2019employeur de diligenter un m\u00e9decin contr\u00f4leur.<\/p>\n<p>La jurisprudence a \u00e9galement pr\u00e9cis\u00e9 par un arr\u00eat de principe de la chambre sociale du <a href=\"http:\/\/www.legifrance.gouv.fr\/affichJuriJudi.do?idTexte=JURITEXT000007040261&amp;fastReqId=1808125078&amp;fastPos=9&amp;oldAction=rechExpJuriJudi\">4 juin 1998, n\u00b0<\/a><a href=\"http:\/\/www.legifrance.gouv.fr\/affichJuriJudi.do?idTexte=JURITEXT000007040261&amp;fastReqId=1808125078&amp;fastPos=9&amp;oldAction=rechExpJuriJudi\">95-43816, Bull.<\/a> 1998 V N\u00b0 298 p. 226, Chambre soci<strong>ale, 1992-01-29, Bulletin 1992, V, n\u00b0 49 (1), p. 28),<\/strong> que dans la mesure o\u00f9 le droit local ne subordonne pas le maintien de salaire \u00e0 la possibilit\u00e9 d\u2019une contre-visite par un m\u00e9decin contr\u00f4leur, l\u2019employeur n\u2019a pas le droit de supprimer le payement, nonobstant les dispositions de la convention collective qui se trouvent dans ce cas pr\u00e9cis, moins favorable au salari\u00e9 que le droit local. Le principe de faveur est d\u00e9fini par la Cour de cassation comme \u00ab\u00a0<em>le principe fondamental en droit du travail, selon lequel, en cas de conflit de normes, c\u2019est la plus favorable au salari\u00e9 qui doit recevoir application<\/em>\u00a0\u00bb<span class=\"footnote_referrer\"><a role=\"button\" tabindex=\"0\" onclick=\"footnote_moveToReference_521_1('footnote_plugin_reference_521_1_1');\" onkeypress=\"footnote_moveToReference_521_1('footnote_plugin_reference_521_1_1');\" ><sup id=\"footnote_plugin_tooltip_521_1_1\" class=\"footnote_plugin_tooltip_text\">(1)<\/sup><\/a><span id=\"footnote_plugin_tooltip_text_521_1_1\" class=\"footnote_tooltip\">Cass. soc. 17 juillet 1996, Bull. n\u00b0296<\/span><\/span><script type=\"text\/javascript\"> jQuery('#footnote_plugin_tooltip_521_1_1').tooltip({ tip: '#footnote_plugin_tooltip_text_521_1_1', tipClass: 'footnote_tooltip', effect: 'fade', predelay: 0, fadeInSpeed: 200, delay: 400, fadeOutSpeed: 200, position: 'top right', relative: true, offset: [10, 10], });<\/script>. Or \u00ab\u00a0le droit local ne pr\u00e9voit aucune possibilit\u00e9 de contre-visite m\u00e9dicale diligent\u00e9e par l\u2019employeur\u00a0\u00bb. Le droit local \u00e9tant d\u2019ordre public <span class=\"footnote_referrer\"><a role=\"button\" tabindex=\"0\" onclick=\"footnote_moveToReference_521_1('footnote_plugin_reference_521_1_2');\" onkeypress=\"footnote_moveToReference_521_1('footnote_plugin_reference_521_1_2');\" ><sup id=\"footnote_plugin_tooltip_521_1_2\" class=\"footnote_plugin_tooltip_text\">(2)<\/sup><\/a><span id=\"footnote_plugin_tooltip_text_521_1_2\" class=\"footnote_tooltip\">cf. \u00e0 propos de l\u2019article 616: Cass. soc., 5 mai 2010, n\u00b0 08-44047, St\u00e9 Lexser : JurisData n\u00b0 2010-005494 ; service doc. IDL<\/span><\/span><script type=\"text\/javascript\"> jQuery('#footnote_plugin_tooltip_521_1_2').tooltip({ tip: '#footnote_plugin_tooltip_text_521_1_2', tipClass: 'footnote_tooltip', effect: 'fade', predelay: 0, fadeInSpeed: 200, delay: 400, fadeOutSpeed: 200, position: 'top right', relative: true, offset: [10, 10], });<\/script>, l\u2019employeur ne peut pas y d\u00e9roger que ce soit par accord collectif ou par voie de r\u00e8glement int\u00e9rieur, sauf si les stipulations qui y seraient port\u00e9es \u00e9taient plus favorables au salari\u00e9 que celles du droit local.<\/p>\n<p><strong>Un jugement de la section commerce du <a href=\"file:\/\/\/Users\/summer1sc0mming\/Desktop\/www.evematringe.fr\/blog\/jurisprudence\/cph-colmar-30-janvier-2012-rg-n11-00294\/index.html\" target=\"_blank\" rel=\"noopener noreferrer\">Conseil de prud\u2019hommes de COLMAR du 30 janvier 2012, RG n\u00b011\/00294<\/a> rappelle la r\u00e8gle, alors que l\u2019employeur invoquait les derni\u00e8res r\u00e9formes l\u00e9gislatives, notamment la loi n\u00b02009-1646 du 24 d\u00e9cembre 2009. Par analogie avec la r\u00e9forme de 1978 instituant la mensualisation du salaire, \u00e0 l\u2019occasion de laquelle la Cour de cassation<span class=\"footnote_referrer\"><a role=\"button\" tabindex=\"0\" onclick=\"footnote_moveToReference_521_1('footnote_plugin_reference_521_1_3');\" onkeypress=\"footnote_moveToReference_521_1('footnote_plugin_reference_521_1_3');\" ><sup id=\"footnote_plugin_tooltip_521_1_3\" class=\"footnote_plugin_tooltip_text\">(3)<\/sup><\/a><span id=\"footnote_plugin_tooltip_text_521_1_3\" class=\"footnote_tooltip\"><a href=\"http:\/\/www.legifrance.gouv.fr\/affichJuriJudi.do?oldAction=rechExpJuriJudi&amp;idTexte=JURITEXT000007044164&amp;fastReqId=2029213191&amp;fastPos=1\" target=\"_blank\" rel=\"noopener noreferrer\">Cass. soc. 19 juin 2001, n\u00b0<\/a><\/strong><a href=\"http:\/\/www.legifrance.gouv.fr\/affichJuriJudi.do?oldAction=rechExpJuriJudi&amp;idTexte=JURITEXT000007044164&amp;fastReqId=2029213191&amp;fastPos=1\" target=\"_blank\" rel=\"noopener noreferrer\">98-44926, Bull. n\u00b0226 p.<\/a><strong><a href=\"http:\/\/www.legifrance.gouv.fr\/affichJuriJudi.do?oldAction=rechExpJuriJudi&amp;idTexte=JURITEXT000007044164&amp;fastReqId=2029213191&amp;fastPos=1\" target=\"_blank\" rel=\"noopener noreferrer\">179<\/a>, confirm\u00e9 par <\/strong><a href=\"http:\/\/www.legifrance.gouv.fr\/affichJuriJudi.do?oldAction=rechJuriJudi&amp;idTexte=JURITEXT000007433627&amp;fastReqId=969071630&amp;fastPos=1\" target=\"_blank\" rel=\"noopener noreferrer\">Cass. soc. 20 novembre 2001, n\u00b099-45632<\/a><strong><\/span><\/span><script type=\"text\/javascript\"> jQuery('#footnote_plugin_tooltip_521_1_3').tooltip({ tip: '#footnote_plugin_tooltip_text_521_1_3', tipClass: 'footnote_tooltip', effect: 'fade', predelay: 0, fadeInSpeed: 200, delay: 400, fadeOutSpeed: 200, position: 'top right', relative: true, offset: [10, 10], });<\/script> avait d\u00e9j\u00e0 pr\u00e9cis\u00e9 qu\u2019en l\u2019absence d\u2019abrogation expresse, le droit local demeurait en vigueur, notamment en ce qu\u2019il ne pr\u00e9voyait pas de contre visite m\u00e9dicale.<br \/>\n<\/strong><\/p>\n<p><strong>Les faits \u00e9taient assez simples\u00a0: en cong\u00e9 maladie du 31 mars au 10 avril 2011, le salari\u00e9 pr\u00e9sent \u00e0 son domicile avait refus\u00e9 de laisser le m\u00e9decin contr\u00f4leur op\u00e9rer son contr\u00f4le. En cons\u00e9quence, l\u2019employeur a proc\u00e9d\u00e9 \u00e0 la suppression des indemnit\u00e9s maladies entre le 6 et le 10 avril. Malgr\u00e9 les explications du salari\u00e9, l\u2019employeur a persist\u00e9 dans sa d\u00e9cision, ce qui lui a valu d\u2019\u00eatre traduit devant le juge prud\u2019homal.<\/strong><\/p>\n<p>Or la loi de 2009 n\u2019a pas modifi\u00e9 les dispositions existant en droit local de sorte que l\u2019employeur ne peut pas plus avant qu\u2019apr\u00e8s 2009 diligenter une contre visite m\u00e9dicale. De la m\u00eame fa\u00e7on, la recodification du droit du travail \u00e9tant intervenue \u00e0 droit constant, les possibles exceptions doivent r\u00e9sulter de dispositions l\u00e9gislatives expresses<span class=\"footnote_referrer\"><a role=\"button\" tabindex=\"0\" onclick=\"footnote_moveToReference_521_1('footnote_plugin_reference_521_1_4');\" onkeypress=\"footnote_moveToReference_521_1('footnote_plugin_reference_521_1_4');\" ><sup id=\"footnote_plugin_tooltip_521_1_4\" class=\"footnote_plugin_tooltip_text\">(4)<\/sup><\/a><span id=\"footnote_plugin_tooltip_text_521_1_4\" class=\"footnote_tooltip\">Cass. soc., 27 janv. 2010, n\u00b0 08-44.376, St\u00e9 SNN Clermont : JurisData n\u00b0 2010-051325 ; Dictionnaire Permanent Social, Bulletin mars 2010, p. 15<\/span><\/span><script type=\"text\/javascript\"> jQuery('#footnote_plugin_tooltip_521_1_4').tooltip({ tip: '#footnote_plugin_tooltip_text_521_1_4', tipClass: 'footnote_tooltip', effect: 'fade', predelay: 0, fadeInSpeed: 200, delay: 400, fadeOutSpeed: 200, position: 'top right', relative: true, offset: [10, 10], });<\/script>.<\/p>\n<p align=\"JUSTIFY\"><strong>Bibliographie sommaire sur le droit local du travail\u00a0: <\/strong><\/p>\n<ul>\n<li>\n<p align=\"JUSTIFY\">Liaisons sociales 2008\u00a0: La pr\u00e9voyance en entreprise.<strong><br \/>\n<\/strong><\/p>\n<\/li>\n<li>\n<p align=\"JUSTIFY\">Laurence Grisey Martinez et Dominique Dagorne, JurisClasseur Alsace-Moselle, Fasc. 667 : MAINTIEN DU SALAIRE EN CAS D\u2019ABSENCE DU SALARI\u00c9 (\u00e0 jour de 2008).<\/p>\n<\/li>\n<li>D. Dagorne, Arr\u00eat maladie, maintien du salaire et incidence d\u2019une contre-visite m\u00e9dicale : \u00e9tat des lieux : RDL<br \/>\nn\u00b0 60.<\/li>\n<li>Pierre STRASSER, ALSACE-MOSELLE, in encyclop\u00e9die Dalloz de droit du travail.<\/li>\n<\/ul>\n<div class=\"zemanta-pixie\"><\/div>\n<\/div>\n<footer class=\"entry-meta\">Cette entr\u00e9e a \u00e9t\u00e9 publi\u00e9e dans Droit local, Droit social, et marqu\u00e9e avec Alsace-Moselle, Article 616 du Code civil local, Article 63 du Code de commerce local, Contre-visite m\u00e9dicale, DOTC LA POSTE, Droit local, Facteur, La Poste, Maintien de salaire, M\u00e9decin-contr\u00f4leur, le <time class=\"entry-date\" datetime=\"2012-08-30T08:34:44+00:00\">30 ao\u00fbt 2012<\/time> <span class=\"by-author\">par <span class=\"author vcard\">matringe<\/span><\/span>.<\/footer>\n<div class=\"speaker-mute footnotes_reference_container\"> <div class=\"footnote_container_prepare\"><p><span role=\"button\" tabindex=\"0\" class=\"footnote_reference_container_label pointer\" onclick=\"footnote_expand_collapse_reference_container_521_1();\">References<\/span><span role=\"button\" tabindex=\"0\" class=\"footnote_reference_container_collapse_button\" style=\"display: none;\" onclick=\"footnote_expand_collapse_reference_container_521_1();\">[<a id=\"footnote_reference_container_collapse_button_521_1\">+<\/a>]<\/span><\/p><\/div> <div id=\"footnote_references_container_521_1\" style=\"\"><table class=\"footnotes_table footnote-reference-container\"><caption class=\"accessibility\">References<\/caption> <tbody> \r\n\r\n<tr class=\"footnotes_plugin_reference_row\"> <th scope=\"row\" id=\"footnote_plugin_reference_521_1_1\" class=\"footnote_plugin_index pointer\" onclick=\"footnote_moveToAnchor_521_1('footnote_plugin_tooltip_521_1_1');\"><a role=\"button\" tabindex=\"0\" class=\"footnote_plugin_link\" ><span class=\"footnote_index_arrow\">&#8593;<\/span>1<\/a><\/th> <td class=\"footnote_plugin_text\">Cass. soc. 17 juillet 1996, Bull. n\u00b0296<\/td><\/tr>\r\n\r\n<tr class=\"footnotes_plugin_reference_row\"> <th scope=\"row\" id=\"footnote_plugin_reference_521_1_2\" class=\"footnote_plugin_index pointer\" onclick=\"footnote_moveToAnchor_521_1('footnote_plugin_tooltip_521_1_2');\"><a role=\"button\" tabindex=\"0\" class=\"footnote_plugin_link\" ><span class=\"footnote_index_arrow\">&#8593;<\/span>2<\/a><\/th> <td class=\"footnote_plugin_text\">cf. \u00e0 propos de l\u2019article 616: Cass. soc., 5 mai 2010, n\u00b0 08-44047, St\u00e9 Lexser : JurisData n\u00b0 2010-005494 ; service doc. IDL<\/td><\/tr>\r\n\r\n<tr class=\"footnotes_plugin_reference_row\"> <th scope=\"row\" id=\"footnote_plugin_reference_521_1_3\" class=\"footnote_plugin_index pointer\" onclick=\"footnote_moveToAnchor_521_1('footnote_plugin_tooltip_521_1_3');\"><a role=\"button\" tabindex=\"0\" class=\"footnote_plugin_link\" ><span class=\"footnote_index_arrow\">&#8593;<\/span>3<\/a><\/th> <td class=\"footnote_plugin_text\"><a href=\"http:\/\/www.legifrance.gouv.fr\/affichJuriJudi.do?oldAction=rechExpJuriJudi&amp;idTexte=JURITEXT000007044164&amp;fastReqId=2029213191&amp;fastPos=1\" target=\"_blank\" rel=\"noopener noreferrer\">Cass. soc. 19 juin 2001, n\u00b0<\/a><\/strong><a href=\"http:\/\/www.legifrance.gouv.fr\/affichJuriJudi.do?oldAction=rechExpJuriJudi&amp;idTexte=JURITEXT000007044164&amp;fastReqId=2029213191&amp;fastPos=1\" target=\"_blank\" rel=\"noopener noreferrer\">98-44926, Bull. n\u00b0226 p.<\/a><strong><a href=\"http:\/\/www.legifrance.gouv.fr\/affichJuriJudi.do?oldAction=rechExpJuriJudi&amp;idTexte=JURITEXT000007044164&amp;fastReqId=2029213191&amp;fastPos=1\" target=\"_blank\" rel=\"noopener noreferrer\">179<\/a>, confirm\u00e9 par <\/strong><a href=\"http:\/\/www.legifrance.gouv.fr\/affichJuriJudi.do?oldAction=rechJuriJudi&amp;idTexte=JURITEXT000007433627&amp;fastReqId=969071630&amp;fastPos=1\" target=\"_blank\" rel=\"noopener noreferrer\">Cass. soc. 20 novembre 2001, n\u00b099-45632<\/a><strong><\/td><\/tr>\r\n\r\n<tr class=\"footnotes_plugin_reference_row\"> <th scope=\"row\" id=\"footnote_plugin_reference_521_1_4\" class=\"footnote_plugin_index pointer\" onclick=\"footnote_moveToAnchor_521_1('footnote_plugin_tooltip_521_1_4');\"><a role=\"button\" tabindex=\"0\" class=\"footnote_plugin_link\" ><span class=\"footnote_index_arrow\">&#8593;<\/span>4<\/a><\/th> <td class=\"footnote_plugin_text\">Cass. soc., 27 janv. 2010, n\u00b0 08-44.376, St\u00e9 SNN Clermont : JurisData n\u00b0 2010-051325 ; Dictionnaire Permanent Social, Bulletin mars 2010, p. 15<\/td><\/tr>\r\n\r\n <\/tbody> <\/table> <\/div><\/div><script type=\"text\/javascript\"> function footnote_expand_reference_container_521_1() { jQuery('#footnote_references_container_521_1').show(); jQuery('#footnote_reference_container_collapse_button_521_1').text('\u2212'); } function footnote_collapse_reference_container_521_1() { jQuery('#footnote_references_container_521_1').hide(); jQuery('#footnote_reference_container_collapse_button_521_1').text('+'); } function footnote_expand_collapse_reference_container_521_1() { if (jQuery('#footnote_references_container_521_1').is(':hidden')) { footnote_expand_reference_container_521_1(); } else { footnote_collapse_reference_container_521_1(); } } function footnote_moveToReference_521_1(p_str_TargetID) { footnote_expand_reference_container_521_1(); var l_obj_Target = jQuery('#' + p_str_TargetID); if (l_obj_Target.length) { jQuery( 'html, body' ).delay( 0 ); jQuery('html, body').animate({ scrollTop: l_obj_Target.offset().top - window.innerHeight * 0.2 }, 380); } } function footnote_moveToAnchor_521_1(p_str_TargetID) { footnote_expand_reference_container_521_1(); var l_obj_Target = jQuery('#' + p_str_TargetID); if (l_obj_Target.length) { jQuery( 'html, body' ).delay( 0 ); jQuery('html, body').animate({ scrollTop: l_obj_Target.offset().top - window.innerHeight * 0.2 }, 380); } }<\/script>","protected":false},"excerpt":{"rendered":"<p>L\u2019employeur peut-il faire proc\u00e9der \u00e0 une contre-visite du salari\u00e9 en arr\u00eat maladie b\u00e9n\u00e9ficiant du maintien de salaire dans le cadre de l\u2019article L.\u00a01226-24 du Code du travail, anciennement l\u2019article 63 du Code de commerce local aux termes duquel\u00a0: \u00ab\u00a0Le commis commercial qui, par suite d\u2019un accident dont il n\u2019est pas fautif, est dans l\u2019impossibilit\u00e9 d\u2019ex\u00e9cuter&hellip; <a class=\"more-link\" href=\"https:\/\/www.evematringe.eu\/bl0g\/2012\/08\/30\/medecin-controleur-et-droit-local\/\">Poursuivre la lecture <span class=\"screen-reader-text\">M\u00e9decin-contr\u00f4leur et droit local<\/span><\/a><\/p>\n","protected":false},"author":1,"featured_media":0,"comment_status":"open","ping_status":"closed","sticky":false,"template":"","format":"standard","meta":{"_crdt_document":"","footnotes":""},"categories":[442,5,170],"tags":[371,492,493,494,495,323,496,497,498,499],"class_list":["post-521","post","type-post","status-publish","format-standard","hentry","category-droit-du-travail","category-droit-francais","category-droit-local","tag-alsace-moselle","tag-article-616-du-code-civil-local","tag-article-63-du-code-de-commerce-local","tag-contre-visite-medicale","tag-dotc-la-poste","tag-droit-local","tag-facteur","tag-la-poste","tag-maintien-de-salaire","tag-medecin-controleur","entry"],"share_on_mastodon":{"url":"","error":""},"_links":{"self":[{"href":"https:\/\/www.evematringe.eu\/bl0g\/wp-json\/wp\/v2\/posts\/521","targetHints":{"allow":["GET"]}}],"collection":[{"href":"https:\/\/www.evematringe.eu\/bl0g\/wp-json\/wp\/v2\/posts"}],"about":[{"href":"https:\/\/www.evematringe.eu\/bl0g\/wp-json\/wp\/v2\/types\/post"}],"author":[{"embeddable":true,"href":"https:\/\/www.evematringe.eu\/bl0g\/wp-json\/wp\/v2\/users\/1"}],"replies":[{"embeddable":true,"href":"https:\/\/www.evematringe.eu\/bl0g\/wp-json\/wp\/v2\/comments?post=521"}],"version-history":[{"count":1,"href":"https:\/\/www.evematringe.eu\/bl0g\/wp-json\/wp\/v2\/posts\/521\/revisions"}],"predecessor-version":[{"id":522,"href":"https:\/\/www.evematringe.eu\/bl0g\/wp-json\/wp\/v2\/posts\/521\/revisions\/522"}],"wp:attachment":[{"href":"https:\/\/www.evematringe.eu\/bl0g\/wp-json\/wp\/v2\/media?parent=521"}],"wp:term":[{"taxonomy":"category","embeddable":true,"href":"https:\/\/www.evematringe.eu\/bl0g\/wp-json\/wp\/v2\/categories?post=521"},{"taxonomy":"post_tag","embeddable":true,"href":"https:\/\/www.evematringe.eu\/bl0g\/wp-json\/wp\/v2\/tags?post=521"}],"curies":[{"name":"wp","href":"https:\/\/api.w.org\/{rel}","templated":true}]}}