{"id":558,"date":"2013-05-22T12:41:38","date_gmt":"2013-05-22T10:41:38","guid":{"rendered":"https:\/\/www.evematringe.eu\/bl0g\/?p=558"},"modified":"2019-03-29T12:43:56","modified_gmt":"2019-03-29T11:43:56","slug":"qpc-et-maintien-de-salaire-de-droit-local","status":"publish","type":"post","link":"https:\/\/www.evematringe.eu\/bl0g\/2013\/05\/22\/qpc-et-maintien-de-salaire-de-droit-local\/","title":{"rendered":"QPC et maintien de salaire de droit local"},"content":{"rendered":"<header class=\"entry-header\"><\/header>\n<div class=\"entry-content\">\n<p>Nous avons d\u00e9j\u00e0 \u00e9voqu\u00e9 <a href=\"https:\/\/www.evematringe.eu\/bl0g\/2012\/08\/30\/medecin-controleur-et-droit-local\/\" target=\"_blank\" rel=\"noopener noreferrer\">ici<\/a> les particularit\u00e9s du droit local, dont certains Fran\u00e7ois de l\u2019Int\u00e9rieur voudraient nous priver au nom d\u2019une la\u00efcit\u00e9 qui, comme Atila, raserait tout sur son passage, y compris les quelques avantages obtenus par les salari\u00e9s du temps des casques \u00e0 pointe.<\/p>\n<p>Aujourd\u2019hui, plus juridiquement, une QPC a \u00e9t\u00e9 transmise \u00e0 la Cour de cassation par la <a href=\"http:\/\/www.courdecassation.fr\/jurisprudence_2\/questions_prioritaires_constitutionnalite_3396\/constitutionnalite_soumises_3641\/code_civil_26516.html\" target=\"_blank\" rel=\"noopener noreferrer\">chambre sociale de la Cour d\u2019appel de Metz<\/a>, relativement \u00e0 l\u2019ancien article 616 du Code civil local, devenu l\u2019<a href=\"http:\/\/www.legifrance.gouv.fr\/affichCodeArticle.do?idArticle=LEGIARTI000018764625&amp;cidTexte=LEGITEXT000006072050&amp;dateTexte=20111030&amp;oldAction=rechCodeArticle\" target=\"_blank\" rel=\"noopener noreferrer\">article L.1226-23 du code du travail<\/a>, selon lequel le salari\u00e9 dont le contrat de travail est suspendu pour une cause personnelle ind\u00e9pendante de sa volont\u00e9 et pour une dur\u00e9e relativement sans importance a droit au maintien de son salaire. L\u2019employeur (tr\u00e8s vraisemblablement) voudrait savoir si ce texte est compatible avec, d\u2019une part les dispositions de l\u2019article 1er de la Constitution et les dispositions de l\u2019article 6 de la D\u00e9claration des droits de l\u2019homme et du citoyen du 26 ao\u00fbt 1789, textes dont d\u00e9coule le principe d\u2019\u00e9galit\u00e9 des citoyens devant la loi, d\u2019autre part le principe de clart\u00e9 de la loi qui r\u00e9sulte de l\u2019article 34 de la Constitution\u00a0?<\/p>\n<p>Il y a fort \u00e0 parier que les organisations syndicales de salari\u00e9s vont intervenir \u00e0 l\u2019instance pour faire part de leur opinion au Conseil quant \u00e0 l\u2019inopportunit\u00e9 de remettre en cause ce droit. Cette disposition permet en effet d\u2019une part de ne pas p\u00e9naliser un salari\u00e9 \u00ab\u00a0innocent\u00a0\u00bb des m\u00e9saventures qui s\u2019abattent sur lui, d\u2019autre part de ne pas engorger les juridictions d\u2019un contentieux \u00e9conomiquement n\u00e9gligeable. En effet, un employeur ne refusera la prise en charge d\u2019une absence que s\u2019il a la preuve certaine du caract\u00e8re injustifi\u00e9 de l\u2019absence, se poli\u00e7ant ainsi lui-m\u00eame au lieu de saisir le juge du litige dont la valeur en cause repr\u00e9senterait quelques jours d\u2019absence. Indiquons \u00e9galement que si l\u2019employeur, \u00e0 titre individuel, peut estimer ne pas devoir supporter la charge que lui impose aujourd\u2019hui la conception bismarckienne de la solidarit\u00e9, la s\u00e9curit\u00e9 financi\u00e8re ainsi offerte au salari\u00e9 lui permet de continuer \u00e0 faire ses courses, donc de contribuer \u00e0 l\u2019\u00e9conomie locale, donc indirectement au flux d\u2019affaires dans lequel s\u2019inscrit l\u2019activit\u00e9 de l\u2019entreprise qui l\u2019emploie.<\/p>\n<p>Affaire \u00e0 suivre\u2026<\/p>\n<\/div>\n<footer class=\"entry-meta\">Cette entr\u00e9e a \u00e9t\u00e9 publi\u00e9e dans Droit local, Droit social, et marqu\u00e9e avec Art.L.1226-23, Article 616 du Code civil local, Droit local, Maintien de salaire, QPC, le <time class=\"entry-date\" datetime=\"2013-05-22T08:07:37+00:00\">22 mai 2013<\/time> <span class=\"by-author\">par <span class=\"author vcard\">matringe<\/span><\/span>.<\/footer>\n","protected":false},"excerpt":{"rendered":"<p>Nous avons d\u00e9j\u00e0 \u00e9voqu\u00e9 ici les particularit\u00e9s du droit local, dont certains Fran\u00e7ois de l\u2019Int\u00e9rieur voudraient nous priver au nom d\u2019une la\u00efcit\u00e9 qui, comme Atila, raserait tout sur son passage, y compris les quelques avantages obtenus par les salari\u00e9s du temps des casques \u00e0 pointe. Aujourd\u2019hui, plus juridiquement, une QPC a \u00e9t\u00e9 transmise \u00e0 la&hellip; <a class=\"more-link\" href=\"https:\/\/www.evematringe.eu\/bl0g\/2013\/05\/22\/qpc-et-maintien-de-salaire-de-droit-local\/\">Poursuivre la lecture <span class=\"screen-reader-text\">QPC et maintien de salaire de droit local<\/span><\/a><\/p>\n","protected":false},"author":1,"featured_media":0,"comment_status":"open","ping_status":"closed","sticky":false,"template":"","format":"standard","meta":{"_crdt_document":"","footnotes":""},"categories":[442,5,170],"tags":[568,492,323,498,541],"class_list":["post-558","post","type-post","status-publish","format-standard","hentry","category-droit-du-travail","category-droit-francais","category-droit-local","tag-art-l-1226-23","tag-article-616-du-code-civil-local","tag-droit-local","tag-maintien-de-salaire","tag-qpc","entry"],"share_on_mastodon":{"url":"","error":""},"_links":{"self":[{"href":"https:\/\/www.evematringe.eu\/bl0g\/wp-json\/wp\/v2\/posts\/558","targetHints":{"allow":["GET"]}}],"collection":[{"href":"https:\/\/www.evematringe.eu\/bl0g\/wp-json\/wp\/v2\/posts"}],"about":[{"href":"https:\/\/www.evematringe.eu\/bl0g\/wp-json\/wp\/v2\/types\/post"}],"author":[{"embeddable":true,"href":"https:\/\/www.evematringe.eu\/bl0g\/wp-json\/wp\/v2\/users\/1"}],"replies":[{"embeddable":true,"href":"https:\/\/www.evematringe.eu\/bl0g\/wp-json\/wp\/v2\/comments?post=558"}],"version-history":[{"count":1,"href":"https:\/\/www.evematringe.eu\/bl0g\/wp-json\/wp\/v2\/posts\/558\/revisions"}],"predecessor-version":[{"id":559,"href":"https:\/\/www.evematringe.eu\/bl0g\/wp-json\/wp\/v2\/posts\/558\/revisions\/559"}],"wp:attachment":[{"href":"https:\/\/www.evematringe.eu\/bl0g\/wp-json\/wp\/v2\/media?parent=558"}],"wp:term":[{"taxonomy":"category","embeddable":true,"href":"https:\/\/www.evematringe.eu\/bl0g\/wp-json\/wp\/v2\/categories?post=558"},{"taxonomy":"post_tag","embeddable":true,"href":"https:\/\/www.evematringe.eu\/bl0g\/wp-json\/wp\/v2\/tags?post=558"}],"curies":[{"name":"wp","href":"https:\/\/api.w.org\/{rel}","templated":true}]}}